{"id":4771,"date":"2023-04-03T13:10:23","date_gmt":"2023-04-03T11:10:23","guid":{"rendered":"https:\/\/colorfulminded.com\/library\/o-que-e-o-trauma\/"},"modified":"2023-05-27T05:29:32","modified_gmt":"2023-05-27T03:29:32","slug":"o-que-e-o-trauma","status":"publish","type":"post","link":"https:\/\/colorfulminded.com\/pt-pt\/saude-mental-explicada\/o-que-e-o-trauma\/","title":{"rendered":"O que \u00e9 o Trauma?"},"content":{"rendered":"\t\t<div data-elementor-type=\"wp-post\" data-elementor-id=\"4771\" class=\"elementor elementor-4771 elementor-3946\" data-elementor-post-type=\"post\">\n\t\t\t\t\t\t<section class=\"elementor-section elementor-top-section elementor-element elementor-element-ddb45a8 elementor-section-boxed elementor-section-height-default elementor-section-height-default wpr-particle-no wpr-jarallax-no wpr-parallax-no wpr-sticky-section-no wpr-equal-height-no\" data-id=\"ddb45a8\" data-element_type=\"section\" data-e-type=\"section\">\n\t\t\t\t\t\t<div class=\"elementor-container elementor-column-gap-default\">\n\t\t\t\t\t<div class=\"elementor-column elementor-col-100 elementor-top-column elementor-element elementor-element-5d00832\" data-id=\"5d00832\" data-element_type=\"column\" data-e-type=\"column\">\n\t\t\t<div class=\"elementor-widget-wrap elementor-element-populated\">\n\t\t\t\t\t\t<div class=\"elementor-element elementor-element-42533d1 elementor-widget elementor-widget-video\" data-id=\"42533d1\" data-element_type=\"widget\" data-e-type=\"widget\" data-settings=\"{&quot;youtube_url&quot;:&quot;https:\\\/\\\/youtu.be\\\/8aqSdEWyBVA&quot;,&quot;show_image_overlay&quot;:&quot;yes&quot;,&quot;lightbox&quot;:&quot;yes&quot;,&quot;image_overlay&quot;:{&quot;url&quot;:&quot;https:\\\/\\\/colorfulminded.com\\\/wp-content\\\/uploads\\\/2023\\\/04\\\/CM_MHE_009_whatistrauma_THUMB_v1.1_PT_landscape.jpg&quot;,&quot;id&quot;:5049,&quot;size&quot;:&quot;&quot;,&quot;alt&quot;:&quot;&quot;,&quot;source&quot;:&quot;library&quot;},&quot;video_type&quot;:&quot;youtube&quot;,&quot;controls&quot;:&quot;yes&quot;}\" data-widget_type=\"video.default\">\n\t\t\t\t<div class=\"elementor-widget-container\">\n\t\t\t\t\t\t\t<div class=\"elementor-wrapper elementor-open-lightbox\">\n\t\t\t\t\t\t\t<div class=\"elementor-custom-embed-image-overlay\" data-elementor-open-lightbox=\"yes\" data-elementor-lightbox=\"{&quot;type&quot;:&quot;video&quot;,&quot;videoType&quot;:&quot;youtube&quot;,&quot;url&quot;:&quot;https:\\\/\\\/www.youtube.com\\\/embed\\\/8aqSdEWyBVA?feature=oembed&amp;start&amp;end&amp;wmode=opaque&amp;loop=0&amp;controls=1&amp;mute=0&amp;rel=0&amp;cc_load_policy=0&quot;,&quot;autoplay&quot;:&quot;&quot;,&quot;modalOptions&quot;:{&quot;id&quot;:&quot;elementor-lightbox-42533d1&quot;,&quot;entranceAnimation&quot;:&quot;&quot;,&quot;entranceAnimation_tablet&quot;:&quot;&quot;,&quot;entranceAnimation_mobile&quot;:&quot;&quot;,&quot;videoAspectRatio&quot;:&quot;169&quot;}}\" data-e-action-hash=\"#elementor-action%3Aaction%3Dlightbox%26settings%3DeyJ0eXBlIjoidmlkZW8iLCJ2aWRlb1R5cGUiOiJ5b3V0dWJlIiwidXJsIjoiaHR0cHM6XC9cL3d3dy55b3V0dWJlLmNvbVwvZW1iZWRcLzhhcVNkRVd5QlZBP2ZlYXR1cmU9b2VtYmVkJnN0YXJ0JmVuZCZ3bW9kZT1vcGFxdWUmbG9vcD0wJmNvbnRyb2xzPTEmbXV0ZT0wJnJlbD0wJmNjX2xvYWRfcG9saWN5PTAiLCJhdXRvcGxheSI6IiIsIm1vZGFsT3B0aW9ucyI6eyJpZCI6ImVsZW1lbnRvci1saWdodGJveC00MjUzM2QxIiwiZW50cmFuY2VBbmltYXRpb24iOiIiLCJlbnRyYW5jZUFuaW1hdGlvbl90YWJsZXQiOiIiLCJlbnRyYW5jZUFuaW1hdGlvbl9tb2JpbGUiOiIiLCJ2aWRlb0FzcGVjdFJhdGlvIjoiMTY5In19\">\n\t\t\t\t\t\t\t\t\t\t\t<img fetchpriority=\"high\" decoding=\"async\" width=\"1920\" height=\"1080\" src=\"https:\/\/colorfulminded.com\/wp-content\/uploads\/2023\/04\/CM_MHE_009_whatistrauma_THUMB_v1.1_PT_landscape.jpg\" class=\"attachment-full size-full wp-image-5049\" alt=\"\" srcset=\"https:\/\/colorfulminded.com\/wp-content\/uploads\/2023\/04\/CM_MHE_009_whatistrauma_THUMB_v1.1_PT_landscape.jpg 1920w, https:\/\/colorfulminded.com\/wp-content\/uploads\/2023\/04\/CM_MHE_009_whatistrauma_THUMB_v1.1_PT_landscape-300x169.jpg 300w, https:\/\/colorfulminded.com\/wp-content\/uploads\/2023\/04\/CM_MHE_009_whatistrauma_THUMB_v1.1_PT_landscape-1024x576.jpg 1024w, https:\/\/colorfulminded.com\/wp-content\/uploads\/2023\/04\/CM_MHE_009_whatistrauma_THUMB_v1.1_PT_landscape-768x432.jpg 768w, https:\/\/colorfulminded.com\/wp-content\/uploads\/2023\/04\/CM_MHE_009_whatistrauma_THUMB_v1.1_PT_landscape-1536x864.jpg 1536w, https:\/\/colorfulminded.com\/wp-content\/uploads\/2023\/04\/CM_MHE_009_whatistrauma_THUMB_v1.1_PT_landscape-600x338.jpg 600w\" sizes=\"(max-width: 1920px) 100vw, 1920px\" \/>\t\t\t\t\t\t\t\t\t\t\t\t\t\t\t\t<div class=\"elementor-custom-embed-play\" role=\"button\" aria-label=\"Reproduzir v\u00eddeo\" tabindex=\"0\">\n\t\t\t\t\t\t\t<i aria-hidden=\"true\" class=\"fas fa-play\"><\/i>\t\t\t\t\t\t<\/div>\n\t\t\t\t\t\t\t\t\t<\/div>\n\t\t\t\t\t<\/div>\n\t\t\t\t\t\t<\/div>\n\t\t\t\t<\/div>\n\t\t\t\t<div class=\"elementor-element elementor-element-2427cb0 elementor-widget elementor-widget-text-editor\" data-id=\"2427cb0\" data-element_type=\"widget\" data-e-type=\"widget\" data-widget_type=\"text-editor.default\">\n\t\t\t\t<div class=\"elementor-widget-container\">\n\t\t\t\t\t\t\t\t\t<h2>Defini\u00e7\u00e3o de Trauma<\/h2>\n<p>O trauma \u00e9 uma experi\u00eancia comum que pode ter efeitos profundos no bem-estar mental de um indiv\u00edduo. O trauma pode ocorrer como resultado da experi\u00eancia ou do testemunho de um acontecimento angustiante, como agress\u00e3o f\u00edsica ou sexual, cat\u00e1strofes naturais ou guerra. O trauma pode levar a uma s\u00e9rie de problemas de sa\u00fade mental, incluindo depress\u00e3o, ansiedade, perturba\u00e7\u00e3o de stress p\u00f3s-traum\u00e1tico e abuso de subst\u00e2ncias.<\/p>\n<h2>Os efeitos do trauma<\/h2>\n<p>Os efeitos do trauma no bem-estar mental podem ser duradouros e graves. O trauma pode afectar a capacidade de um indiv\u00edduo confiar nos outros, sentir-se seguro e lidar com o stress. O trauma tamb\u00e9m pode causar emo\u00e7\u00f5es intensas, como o medo, a raiva e a tristeza, que podem ser dif\u00edceis de gerir. Al\u00e9m disso, os indiv\u00edduos que sofreram traumas podem ter flashbacks, pesadelos ou outros sintomas que podem ser angustiantes e perturbar a sua vida quotidiana.<\/p>\n<h2>Tratamentos para o trauma<\/h2>\n<p>\u00c9 fundamental procurar tratamento para os traumas para promover a cura e a recupera\u00e7\u00e3o. Eis algumas formas de tratar o trauma e promover o bem-estar mental:<\/p>\n<ul>\n<li>Terapia<\/li>\n<li>Medicamentos<\/li>\n<li>Autocuidado<\/li>\n<li>Grupos de apoio<\/li>\n<li>Pr\u00e1ticas de aten\u00e7\u00e3o plena<\/li>\n<\/ul>\n<h5>Terapia:<\/h5>\n<p>A terapia \u00e9 uma forma comum e eficaz de tratar o trauma. A terapia pode ajudar as pessoas a processar as suas emo\u00e7\u00f5es, a aprender estrat\u00e9gias para lidar com elas e a desenvolver um sentido de controlo e seguran\u00e7a. Diferentes tipos de terapia, como a terapia cognitivo-comportamental (TCC) e a dessensibiliza\u00e7\u00e3o e reprocessamento do movimento ocular (EMDR), podem ser ben\u00e9ficos para o tratamento do trauma.<\/p>\n<h5>Medica\u00e7\u00e3o:<\/h5>\n<p>A medica\u00e7\u00e3o pode ser \u00fatil no tratamento de alguns sintomas de trauma, como a depress\u00e3o e a ansiedade. No entanto, a medica\u00e7\u00e3o deve ser sempre utilizada em conjunto com a terapia e sob a orienta\u00e7\u00e3o de um profissional de sa\u00fade.<\/p>\n<h5>Autocuidado:<\/h5>\n<p>A pr\u00e1tica de autocuidados, como dormir o suficiente, fazer exerc\u00edcio e ter uma dieta saud\u00e1vel, pode ser ben\u00e9fica para gerir os sintomas de trauma. Os cuidados pessoais podem ajudar as pessoas a gerir o stress e a promover o bem-estar geral.<\/p>\n<h5>Grupos de apoio:<\/h5>\n<p>Os grupos de apoio podem proporcionar um ambiente seguro e de apoio para as pessoas partilharem as suas experi\u00eancias, aprenderem com os outros e desenvolverem um sentido de comunidade. Os grupos de apoio podem ser particularmente \u00fateis para as pessoas que se sentem isoladas ou sozinhas nas suas experi\u00eancias.<\/p>\n<h5>Pr\u00e1ticas de aten\u00e7\u00e3o plena:<\/h5>\n<p>As pr\u00e1ticas de aten\u00e7\u00e3o plena, como a medita\u00e7\u00e3o e a respira\u00e7\u00e3o profunda, podem ajudar as pessoas a gerir o stress e a reduzir os sintomas de trauma. As pr\u00e1ticas de aten\u00e7\u00e3o plena podem ajudar as pessoas a desenvolver uma sensa\u00e7\u00e3o de calma e relaxamento, o que pode ser particularmente \u00fatil para as pessoas que lutam contra a ansiedade ou a hiperexcita\u00e7\u00e3o.<\/p>\n<h2>Conclus\u00e3o<\/h2>\n<p>Em conclus\u00e3o, o trauma pode ter efeitos negativos significativos no bem-estar mental. \u00c9 fundamental procurar tratamento para os traumas para promover a cura e a recupera\u00e7\u00e3o. O tratamento do trauma pode incluir terapia, medica\u00e7\u00e3o, cuidados pessoais, grupos de apoio e pr\u00e1ticas de aten\u00e7\u00e3o plena. Ao lidar com os traumas e promover o bem-estar mental, os indiv\u00edduos podem experimentar maior resili\u00eancia, bem-estar e qualidade de vida.<\/p>\n\t\t\t\t\t\t\t\t<\/div>\n\t\t\t\t<\/div>\n\t\t\t\t\t<\/div>\n\t\t<\/div>\n\t\t\t\t\t<\/div>\n\t\t<\/section>\n\t\t\t\t<\/div>\n\t\t","protected":false},"excerpt":{"rendered":"<p>O trauma \u00e9 uma experi\u00eancia comum que pode ter efeitos profundos no bem-estar mental de um indiv\u00edduo. O trauma pode ocorrer como resultado da experi\u00eancia ou do testemunho de um acontecimento angustiante, como agress\u00e3o f\u00edsica ou sexual, cat\u00e1strofes naturais ou guerra.<\/p>\n","protected":false},"author":4,"featured_media":4643,"comment_status":"closed","ping_status":"closed","sticky":false,"template":"elementor_theme","format":"standard","meta":{"om_disable_all_campaigns":false,"_monsterinsights_skip_tracking":false,"_monsterinsights_sitenote_active":false,"_monsterinsights_sitenote_note":"","_monsterinsights_sitenote_category":0,"footnotes":""},"categories":[70],"tags":[89],"class_list":["post-4771","post","type-post","status-publish","format-standard","has-post-thumbnail","hentry","category-saude-mental-explicada","tag-trauma-pt-pt"],"yoast_head":"<!-- This site is optimized with the Yoast SEO plugin v27.5 - https:\/\/yoast.com\/product\/yoast-seo-wordpress\/ -->\n<title>O que \u00e9 o Trauma? - Colorful Minded<\/title>\n<meta name=\"robots\" content=\"index, follow, max-snippet:-1, max-image-preview:large, max-video-preview:-1\" \/>\n<link rel=\"canonical\" href=\"https:\/\/colorfulminded.com\/pt-pt\/saude-mental-explicada\/o-que-e-o-trauma\/\" \/>\n<meta property=\"og:locale\" content=\"pt_PT\" \/>\n<meta property=\"og:type\" content=\"article\" \/>\n<meta property=\"og:title\" content=\"O que \u00e9 o Trauma? - Colorful Minded\" \/>\n<meta property=\"og:description\" content=\"O trauma \u00e9 uma experi\u00eancia comum que pode ter efeitos profundos no bem-estar mental de um indiv\u00edduo. O trauma pode ocorrer como resultado da experi\u00eancia ou do testemunho de um acontecimento angustiante, como agress\u00e3o f\u00edsica ou sexual, cat\u00e1strofes naturais ou guerra.\" \/>\n<meta property=\"og:url\" content=\"https:\/\/colorfulminded.com\/pt-pt\/saude-mental-explicada\/o-que-e-o-trauma\/\" \/>\n<meta property=\"og:site_name\" content=\"Colorful Minded\" \/>\n<meta property=\"article:published_time\" content=\"2023-04-03T11:10:23+00:00\" \/>\n<meta property=\"article:modified_time\" content=\"2023-05-27T03:29:32+00:00\" \/>\n<meta property=\"og:image\" content=\"https:\/\/colorfulminded.com\/wp-content\/uploads\/2023\/04\/pexels-alex-green-5699455_bewerkt-scaled.jpg\" \/>\n\t<meta property=\"og:image:width\" content=\"2560\" \/>\n\t<meta property=\"og:image:height\" content=\"1707\" \/>\n\t<meta property=\"og:image:type\" content=\"image\/jpeg\" \/>\n<meta name=\"author\" content=\"Colorful Minded\" \/>\n<meta name=\"twitter:card\" content=\"summary_large_image\" \/>\n<meta name=\"twitter:label1\" content=\"Escrito por\" \/>\n\t<meta name=\"twitter:data1\" content=\"Colorful Minded\" \/>\n\t<meta name=\"twitter:label2\" content=\"Tempo estimado de leitura\" \/>\n\t<meta name=\"twitter:data2\" content=\"4 minutos\" \/>\n<script type=\"application\/ld+json\" class=\"yoast-schema-graph\">{\"@context\":\"https:\\\/\\\/schema.org\",\"@graph\":[{\"@type\":\"Article\",\"@id\":\"https:\\\/\\\/colorfulminded.com\\\/pt-pt\\\/saude-mental-explicada\\\/o-que-e-o-trauma\\\/#article\",\"isPartOf\":{\"@id\":\"https:\\\/\\\/colorfulminded.com\\\/pt-pt\\\/saude-mental-explicada\\\/o-que-e-o-trauma\\\/\"},\"author\":{\"name\":\"Colorful Minded\",\"@id\":\"https:\\\/\\\/colorfulminded.com\\\/pt-pt\\\/#\\\/schema\\\/person\\\/d04685faeebd4094e298c90736bd3b92\"},\"headline\":\"O que \u00e9 o Trauma?\",\"datePublished\":\"2023-04-03T11:10:23+00:00\",\"dateModified\":\"2023-05-27T03:29:32+00:00\",\"mainEntityOfPage\":{\"@id\":\"https:\\\/\\\/colorfulminded.com\\\/pt-pt\\\/saude-mental-explicada\\\/o-que-e-o-trauma\\\/\"},\"wordCount\":580,\"publisher\":{\"@id\":\"https:\\\/\\\/colorfulminded.com\\\/pt-pt\\\/#organization\"},\"image\":{\"@id\":\"https:\\\/\\\/colorfulminded.com\\\/pt-pt\\\/saude-mental-explicada\\\/o-que-e-o-trauma\\\/#primaryimage\"},\"thumbnailUrl\":\"https:\\\/\\\/colorfulminded.com\\\/wp-content\\\/uploads\\\/2023\\\/04\\\/pexels-alex-green-5699455_bewerkt-scaled.jpg\",\"keywords\":[\"Trauma\"],\"articleSection\":[\"Sa\u00fade mental explicada\"],\"inLanguage\":\"pt-PT\"},{\"@type\":\"WebPage\",\"@id\":\"https:\\\/\\\/colorfulminded.com\\\/pt-pt\\\/saude-mental-explicada\\\/o-que-e-o-trauma\\\/\",\"url\":\"https:\\\/\\\/colorfulminded.com\\\/pt-pt\\\/saude-mental-explicada\\\/o-que-e-o-trauma\\\/\",\"name\":\"O que \u00e9 o Trauma? - Colorful Minded\",\"isPartOf\":{\"@id\":\"https:\\\/\\\/colorfulminded.com\\\/pt-pt\\\/#website\"},\"primaryImageOfPage\":{\"@id\":\"https:\\\/\\\/colorfulminded.com\\\/pt-pt\\\/saude-mental-explicada\\\/o-que-e-o-trauma\\\/#primaryimage\"},\"image\":{\"@id\":\"https:\\\/\\\/colorfulminded.com\\\/pt-pt\\\/saude-mental-explicada\\\/o-que-e-o-trauma\\\/#primaryimage\"},\"thumbnailUrl\":\"https:\\\/\\\/colorfulminded.com\\\/wp-content\\\/uploads\\\/2023\\\/04\\\/pexels-alex-green-5699455_bewerkt-scaled.jpg\",\"datePublished\":\"2023-04-03T11:10:23+00:00\",\"dateModified\":\"2023-05-27T03:29:32+00:00\",\"breadcrumb\":{\"@id\":\"https:\\\/\\\/colorfulminded.com\\\/pt-pt\\\/saude-mental-explicada\\\/o-que-e-o-trauma\\\/#breadcrumb\"},\"inLanguage\":\"pt-PT\",\"potentialAction\":[{\"@type\":\"ReadAction\",\"target\":[\"https:\\\/\\\/colorfulminded.com\\\/pt-pt\\\/saude-mental-explicada\\\/o-que-e-o-trauma\\\/\"]}]},{\"@type\":\"ImageObject\",\"inLanguage\":\"pt-PT\",\"@id\":\"https:\\\/\\\/colorfulminded.com\\\/pt-pt\\\/saude-mental-explicada\\\/o-que-e-o-trauma\\\/#primaryimage\",\"url\":\"https:\\\/\\\/colorfulminded.com\\\/wp-content\\\/uploads\\\/2023\\\/04\\\/pexels-alex-green-5699455_bewerkt-scaled.jpg\",\"contentUrl\":\"https:\\\/\\\/colorfulminded.com\\\/wp-content\\\/uploads\\\/2023\\\/04\\\/pexels-alex-green-5699455_bewerkt-scaled.jpg\",\"width\":2560,\"height\":1707},{\"@type\":\"BreadcrumbList\",\"@id\":\"https:\\\/\\\/colorfulminded.com\\\/pt-pt\\\/saude-mental-explicada\\\/o-que-e-o-trauma\\\/#breadcrumb\",\"itemListElement\":[{\"@type\":\"ListItem\",\"position\":1,\"name\":\"Home\",\"item\":\"https:\\\/\\\/colorfulminded.com\\\/pt-pt\\\/\"},{\"@type\":\"ListItem\",\"position\":2,\"name\":\"Sa\u00fade mental explicada\",\"item\":\"https:\\\/\\\/colorfulminded.com\\\/pt-pt\\\/categoria\\\/saude-mental-explicada\\\/\"},{\"@type\":\"ListItem\",\"position\":3,\"name\":\"O que \u00e9 o Trauma?\"}]},{\"@type\":\"WebSite\",\"@id\":\"https:\\\/\\\/colorfulminded.com\\\/pt-pt\\\/#website\",\"url\":\"https:\\\/\\\/colorfulminded.com\\\/pt-pt\\\/\",\"name\":\"Colorful Minded\",\"description\":\"Everyday Mental Health\",\"publisher\":{\"@id\":\"https:\\\/\\\/colorfulminded.com\\\/pt-pt\\\/#organization\"},\"potentialAction\":[{\"@type\":\"SearchAction\",\"target\":{\"@type\":\"EntryPoint\",\"urlTemplate\":\"https:\\\/\\\/colorfulminded.com\\\/pt-pt\\\/?s={search_term_string}\"},\"query-input\":{\"@type\":\"PropertyValueSpecification\",\"valueRequired\":true,\"valueName\":\"search_term_string\"}}],\"inLanguage\":\"pt-PT\"},{\"@type\":\"Organization\",\"@id\":\"https:\\\/\\\/colorfulminded.com\\\/pt-pt\\\/#organization\",\"name\":\"Colorful Minded\",\"url\":\"https:\\\/\\\/colorfulminded.com\\\/pt-pt\\\/\",\"logo\":{\"@type\":\"ImageObject\",\"inLanguage\":\"pt-PT\",\"@id\":\"https:\\\/\\\/colorfulminded.com\\\/pt-pt\\\/#\\\/schema\\\/logo\\\/image\\\/\",\"url\":\"https:\\\/\\\/colorfulminded.com\\\/wp-content\\\/uploads\\\/2023\\\/01\\\/ColorfulMinded_LOGO_v2.1_combi-landscape-col_1000px.png\",\"contentUrl\":\"https:\\\/\\\/colorfulminded.com\\\/wp-content\\\/uploads\\\/2023\\\/01\\\/ColorfulMinded_LOGO_v2.1_combi-landscape-col_1000px.png\",\"width\":1000,\"height\":301,\"caption\":\"Colorful Minded\"},\"image\":{\"@id\":\"https:\\\/\\\/colorfulminded.com\\\/pt-pt\\\/#\\\/schema\\\/logo\\\/image\\\/\"}},{\"@type\":\"Person\",\"@id\":\"https:\\\/\\\/colorfulminded.com\\\/pt-pt\\\/#\\\/schema\\\/person\\\/d04685faeebd4094e298c90736bd3b92\",\"name\":\"Colorful Minded\",\"image\":{\"@type\":\"ImageObject\",\"inLanguage\":\"pt-PT\",\"@id\":\"https:\\\/\\\/secure.gravatar.com\\\/avatar\\\/0fe0d94cfef372f600fc9c2b72d8975e03077f6d472e2fe2eb6a329a55cc7049?s=96&d=mm&r=g\",\"url\":\"https:\\\/\\\/secure.gravatar.com\\\/avatar\\\/0fe0d94cfef372f600fc9c2b72d8975e03077f6d472e2fe2eb6a329a55cc7049?s=96&d=mm&r=g\",\"contentUrl\":\"https:\\\/\\\/secure.gravatar.com\\\/avatar\\\/0fe0d94cfef372f600fc9c2b72d8975e03077f6d472e2fe2eb6a329a55cc7049?s=96&d=mm&r=g\",\"caption\":\"Colorful Minded\"},\"url\":\"https:\\\/\\\/colorfulminded.com\\\/pt-pt\\\/author\\\/jdareynolds\\\/\"}]}<\/script>\n<!-- \/ Yoast SEO plugin. -->","yoast_head_json":{"title":"O que \u00e9 o Trauma? - Colorful Minded","robots":{"index":"index","follow":"follow","max-snippet":"max-snippet:-1","max-image-preview":"max-image-preview:large","max-video-preview":"max-video-preview:-1"},"canonical":"https:\/\/colorfulminded.com\/pt-pt\/saude-mental-explicada\/o-que-e-o-trauma\/","og_locale":"pt_PT","og_type":"article","og_title":"O que \u00e9 o Trauma? - Colorful Minded","og_description":"O trauma \u00e9 uma experi\u00eancia comum que pode ter efeitos profundos no bem-estar mental de um indiv\u00edduo. O trauma pode ocorrer como resultado da experi\u00eancia ou do testemunho de um acontecimento angustiante, como agress\u00e3o f\u00edsica ou sexual, cat\u00e1strofes naturais ou guerra.","og_url":"https:\/\/colorfulminded.com\/pt-pt\/saude-mental-explicada\/o-que-e-o-trauma\/","og_site_name":"Colorful Minded","article_published_time":"2023-04-03T11:10:23+00:00","article_modified_time":"2023-05-27T03:29:32+00:00","og_image":[{"width":2560,"height":1707,"url":"https:\/\/colorfulminded.com\/wp-content\/uploads\/2023\/04\/pexels-alex-green-5699455_bewerkt-scaled.jpg","type":"image\/jpeg"}],"author":"Colorful Minded","twitter_card":"summary_large_image","twitter_misc":{"Escrito por":"Colorful Minded","Tempo estimado de leitura":"4 minutos"},"schema":{"@context":"https:\/\/schema.org","@graph":[{"@type":"Article","@id":"https:\/\/colorfulminded.com\/pt-pt\/saude-mental-explicada\/o-que-e-o-trauma\/#article","isPartOf":{"@id":"https:\/\/colorfulminded.com\/pt-pt\/saude-mental-explicada\/o-que-e-o-trauma\/"},"author":{"name":"Colorful Minded","@id":"https:\/\/colorfulminded.com\/pt-pt\/#\/schema\/person\/d04685faeebd4094e298c90736bd3b92"},"headline":"O que \u00e9 o Trauma?","datePublished":"2023-04-03T11:10:23+00:00","dateModified":"2023-05-27T03:29:32+00:00","mainEntityOfPage":{"@id":"https:\/\/colorfulminded.com\/pt-pt\/saude-mental-explicada\/o-que-e-o-trauma\/"},"wordCount":580,"publisher":{"@id":"https:\/\/colorfulminded.com\/pt-pt\/#organization"},"image":{"@id":"https:\/\/colorfulminded.com\/pt-pt\/saude-mental-explicada\/o-que-e-o-trauma\/#primaryimage"},"thumbnailUrl":"https:\/\/colorfulminded.com\/wp-content\/uploads\/2023\/04\/pexels-alex-green-5699455_bewerkt-scaled.jpg","keywords":["Trauma"],"articleSection":["Sa\u00fade mental explicada"],"inLanguage":"pt-PT"},{"@type":"WebPage","@id":"https:\/\/colorfulminded.com\/pt-pt\/saude-mental-explicada\/o-que-e-o-trauma\/","url":"https:\/\/colorfulminded.com\/pt-pt\/saude-mental-explicada\/o-que-e-o-trauma\/","name":"O que \u00e9 o Trauma? - Colorful Minded","isPartOf":{"@id":"https:\/\/colorfulminded.com\/pt-pt\/#website"},"primaryImageOfPage":{"@id":"https:\/\/colorfulminded.com\/pt-pt\/saude-mental-explicada\/o-que-e-o-trauma\/#primaryimage"},"image":{"@id":"https:\/\/colorfulminded.com\/pt-pt\/saude-mental-explicada\/o-que-e-o-trauma\/#primaryimage"},"thumbnailUrl":"https:\/\/colorfulminded.com\/wp-content\/uploads\/2023\/04\/pexels-alex-green-5699455_bewerkt-scaled.jpg","datePublished":"2023-04-03T11:10:23+00:00","dateModified":"2023-05-27T03:29:32+00:00","breadcrumb":{"@id":"https:\/\/colorfulminded.com\/pt-pt\/saude-mental-explicada\/o-que-e-o-trauma\/#breadcrumb"},"inLanguage":"pt-PT","potentialAction":[{"@type":"ReadAction","target":["https:\/\/colorfulminded.com\/pt-pt\/saude-mental-explicada\/o-que-e-o-trauma\/"]}]},{"@type":"ImageObject","inLanguage":"pt-PT","@id":"https:\/\/colorfulminded.com\/pt-pt\/saude-mental-explicada\/o-que-e-o-trauma\/#primaryimage","url":"https:\/\/colorfulminded.com\/wp-content\/uploads\/2023\/04\/pexels-alex-green-5699455_bewerkt-scaled.jpg","contentUrl":"https:\/\/colorfulminded.com\/wp-content\/uploads\/2023\/04\/pexels-alex-green-5699455_bewerkt-scaled.jpg","width":2560,"height":1707},{"@type":"BreadcrumbList","@id":"https:\/\/colorfulminded.com\/pt-pt\/saude-mental-explicada\/o-que-e-o-trauma\/#breadcrumb","itemListElement":[{"@type":"ListItem","position":1,"name":"Home","item":"https:\/\/colorfulminded.com\/pt-pt\/"},{"@type":"ListItem","position":2,"name":"Sa\u00fade mental explicada","item":"https:\/\/colorfulminded.com\/pt-pt\/categoria\/saude-mental-explicada\/"},{"@type":"ListItem","position":3,"name":"O que \u00e9 o Trauma?"}]},{"@type":"WebSite","@id":"https:\/\/colorfulminded.com\/pt-pt\/#website","url":"https:\/\/colorfulminded.com\/pt-pt\/","name":"Colorful Minded","description":"Everyday Mental Health","publisher":{"@id":"https:\/\/colorfulminded.com\/pt-pt\/#organization"},"potentialAction":[{"@type":"SearchAction","target":{"@type":"EntryPoint","urlTemplate":"https:\/\/colorfulminded.com\/pt-pt\/?s={search_term_string}"},"query-input":{"@type":"PropertyValueSpecification","valueRequired":true,"valueName":"search_term_string"}}],"inLanguage":"pt-PT"},{"@type":"Organization","@id":"https:\/\/colorfulminded.com\/pt-pt\/#organization","name":"Colorful Minded","url":"https:\/\/colorfulminded.com\/pt-pt\/","logo":{"@type":"ImageObject","inLanguage":"pt-PT","@id":"https:\/\/colorfulminded.com\/pt-pt\/#\/schema\/logo\/image\/","url":"https:\/\/colorfulminded.com\/wp-content\/uploads\/2023\/01\/ColorfulMinded_LOGO_v2.1_combi-landscape-col_1000px.png","contentUrl":"https:\/\/colorfulminded.com\/wp-content\/uploads\/2023\/01\/ColorfulMinded_LOGO_v2.1_combi-landscape-col_1000px.png","width":1000,"height":301,"caption":"Colorful Minded"},"image":{"@id":"https:\/\/colorfulminded.com\/pt-pt\/#\/schema\/logo\/image\/"}},{"@type":"Person","@id":"https:\/\/colorfulminded.com\/pt-pt\/#\/schema\/person\/d04685faeebd4094e298c90736bd3b92","name":"Colorful Minded","image":{"@type":"ImageObject","inLanguage":"pt-PT","@id":"https:\/\/secure.gravatar.com\/avatar\/0fe0d94cfef372f600fc9c2b72d8975e03077f6d472e2fe2eb6a329a55cc7049?s=96&d=mm&r=g","url":"https:\/\/secure.gravatar.com\/avatar\/0fe0d94cfef372f600fc9c2b72d8975e03077f6d472e2fe2eb6a329a55cc7049?s=96&d=mm&r=g","contentUrl":"https:\/\/secure.gravatar.com\/avatar\/0fe0d94cfef372f600fc9c2b72d8975e03077f6d472e2fe2eb6a329a55cc7049?s=96&d=mm&r=g","caption":"Colorful Minded"},"url":"https:\/\/colorfulminded.com\/pt-pt\/author\/jdareynolds\/"}]}},"_links":{"self":[{"href":"https:\/\/colorfulminded.com\/pt-pt\/wp-json\/wp\/v2\/posts\/4771","targetHints":{"allow":["GET"]}}],"collection":[{"href":"https:\/\/colorfulminded.com\/pt-pt\/wp-json\/wp\/v2\/posts"}],"about":[{"href":"https:\/\/colorfulminded.com\/pt-pt\/wp-json\/wp\/v2\/types\/post"}],"author":[{"embeddable":true,"href":"https:\/\/colorfulminded.com\/pt-pt\/wp-json\/wp\/v2\/users\/4"}],"replies":[{"embeddable":true,"href":"https:\/\/colorfulminded.com\/pt-pt\/wp-json\/wp\/v2\/comments?post=4771"}],"version-history":[{"count":16,"href":"https:\/\/colorfulminded.com\/pt-pt\/wp-json\/wp\/v2\/posts\/4771\/revisions"}],"predecessor-version":[{"id":5429,"href":"https:\/\/colorfulminded.com\/pt-pt\/wp-json\/wp\/v2\/posts\/4771\/revisions\/5429"}],"wp:featuredmedia":[{"embeddable":true,"href":"https:\/\/colorfulminded.com\/pt-pt\/wp-json\/wp\/v2\/media\/4643"}],"wp:attachment":[{"href":"https:\/\/colorfulminded.com\/pt-pt\/wp-json\/wp\/v2\/media?parent=4771"}],"wp:term":[{"taxonomy":"category","embeddable":true,"href":"https:\/\/colorfulminded.com\/pt-pt\/wp-json\/wp\/v2\/categories?post=4771"},{"taxonomy":"post_tag","embeddable":true,"href":"https:\/\/colorfulminded.com\/pt-pt\/wp-json\/wp\/v2\/tags?post=4771"}],"curies":[{"name":"wp","href":"https:\/\/api.w.org\/{rel}","templated":true}]}}