{"id":4775,"date":"2023-04-01T13:10:40","date_gmt":"2023-04-01T11:10:40","guid":{"rendered":"https:\/\/colorfulminded.com\/library\/o-que-e-o-trauma-geracional\/"},"modified":"2023-05-27T05:31:03","modified_gmt":"2023-05-27T03:31:03","slug":"o-que-e-o-trauma-geracional","status":"publish","type":"post","link":"https:\/\/colorfulminded.com\/pt-pt\/saude-mental-explicada\/o-que-e-o-trauma-geracional\/","title":{"rendered":"O que \u00e9 o Trauma Geracional?"},"content":{"rendered":"\t\t<div data-elementor-type=\"wp-post\" data-elementor-id=\"4775\" class=\"elementor elementor-4775 elementor-3947\" data-elementor-post-type=\"post\">\n\t\t\t\t\t\t<section class=\"elementor-section elementor-top-section elementor-element elementor-element-ddb45a8 elementor-section-boxed elementor-section-height-default elementor-section-height-default wpr-particle-no wpr-jarallax-no wpr-parallax-no wpr-sticky-section-no wpr-equal-height-no\" data-id=\"ddb45a8\" data-element_type=\"section\" data-e-type=\"section\">\n\t\t\t\t\t\t<div class=\"elementor-container elementor-column-gap-default\">\n\t\t\t\t\t<div class=\"elementor-column elementor-col-100 elementor-top-column elementor-element elementor-element-5d00832\" data-id=\"5d00832\" data-element_type=\"column\" data-e-type=\"column\">\n\t\t\t<div class=\"elementor-widget-wrap elementor-element-populated\">\n\t\t\t\t\t\t<div class=\"elementor-element elementor-element-6390278 elementor-widget elementor-widget-video\" data-id=\"6390278\" data-element_type=\"widget\" data-e-type=\"widget\" data-settings=\"{&quot;youtube_url&quot;:&quot;https:\\\/\\\/youtu.be\\\/sBi3oPWID6M&quot;,&quot;show_image_overlay&quot;:&quot;yes&quot;,&quot;lightbox&quot;:&quot;yes&quot;,&quot;image_overlay&quot;:{&quot;url&quot;:&quot;https:\\\/\\\/colorfulminded.com\\\/wp-content\\\/uploads\\\/2023\\\/04\\\/CM_MHE_010_whatisigenerationaltrauma_THUMB_v1.1_PT_landscape.jpg&quot;,&quot;id&quot;:5067,&quot;size&quot;:&quot;&quot;,&quot;alt&quot;:&quot;&quot;,&quot;source&quot;:&quot;library&quot;},&quot;video_type&quot;:&quot;youtube&quot;,&quot;controls&quot;:&quot;yes&quot;}\" data-widget_type=\"video.default\">\n\t\t\t\t<div class=\"elementor-widget-container\">\n\t\t\t\t\t\t\t<div class=\"elementor-wrapper elementor-open-lightbox\">\n\t\t\t\t\t\t\t<div class=\"elementor-custom-embed-image-overlay\" data-elementor-open-lightbox=\"yes\" data-elementor-lightbox=\"{&quot;type&quot;:&quot;video&quot;,&quot;videoType&quot;:&quot;youtube&quot;,&quot;url&quot;:&quot;https:\\\/\\\/www.youtube.com\\\/embed\\\/sBi3oPWID6M?feature=oembed&amp;start&amp;end&amp;wmode=opaque&amp;loop=0&amp;controls=1&amp;mute=0&amp;rel=0&amp;cc_load_policy=0&quot;,&quot;autoplay&quot;:&quot;&quot;,&quot;modalOptions&quot;:{&quot;id&quot;:&quot;elementor-lightbox-6390278&quot;,&quot;entranceAnimation&quot;:&quot;&quot;,&quot;entranceAnimation_tablet&quot;:&quot;&quot;,&quot;entranceAnimation_mobile&quot;:&quot;&quot;,&quot;videoAspectRatio&quot;:&quot;169&quot;}}\" data-e-action-hash=\"#elementor-action%3Aaction%3Dlightbox%26settings%3DeyJ0eXBlIjoidmlkZW8iLCJ2aWRlb1R5cGUiOiJ5b3V0dWJlIiwidXJsIjoiaHR0cHM6XC9cL3d3dy55b3V0dWJlLmNvbVwvZW1iZWRcL3NCaTNvUFdJRDZNP2ZlYXR1cmU9b2VtYmVkJnN0YXJ0JmVuZCZ3bW9kZT1vcGFxdWUmbG9vcD0wJmNvbnRyb2xzPTEmbXV0ZT0wJnJlbD0wJmNjX2xvYWRfcG9saWN5PTAiLCJhdXRvcGxheSI6IiIsIm1vZGFsT3B0aW9ucyI6eyJpZCI6ImVsZW1lbnRvci1saWdodGJveC02MzkwMjc4IiwiZW50cmFuY2VBbmltYXRpb24iOiIiLCJlbnRyYW5jZUFuaW1hdGlvbl90YWJsZXQiOiIiLCJlbnRyYW5jZUFuaW1hdGlvbl9tb2JpbGUiOiIiLCJ2aWRlb0FzcGVjdFJhdGlvIjoiMTY5In19\">\n\t\t\t\t\t\t\t\t\t\t\t<img fetchpriority=\"high\" decoding=\"async\" width=\"1920\" height=\"1080\" src=\"https:\/\/colorfulminded.com\/wp-content\/uploads\/2023\/04\/CM_MHE_010_whatisigenerationaltrauma_THUMB_v1.1_PT_landscape.jpg\" class=\"attachment-full size-full wp-image-5067\" alt=\"\" srcset=\"https:\/\/colorfulminded.com\/wp-content\/uploads\/2023\/04\/CM_MHE_010_whatisigenerationaltrauma_THUMB_v1.1_PT_landscape.jpg 1920w, https:\/\/colorfulminded.com\/wp-content\/uploads\/2023\/04\/CM_MHE_010_whatisigenerationaltrauma_THUMB_v1.1_PT_landscape-300x169.jpg 300w, https:\/\/colorfulminded.com\/wp-content\/uploads\/2023\/04\/CM_MHE_010_whatisigenerationaltrauma_THUMB_v1.1_PT_landscape-1024x576.jpg 1024w, https:\/\/colorfulminded.com\/wp-content\/uploads\/2023\/04\/CM_MHE_010_whatisigenerationaltrauma_THUMB_v1.1_PT_landscape-768x432.jpg 768w, https:\/\/colorfulminded.com\/wp-content\/uploads\/2023\/04\/CM_MHE_010_whatisigenerationaltrauma_THUMB_v1.1_PT_landscape-1536x864.jpg 1536w, https:\/\/colorfulminded.com\/wp-content\/uploads\/2023\/04\/CM_MHE_010_whatisigenerationaltrauma_THUMB_v1.1_PT_landscape-600x338.jpg 600w\" sizes=\"(max-width: 1920px) 100vw, 1920px\" \/>\t\t\t\t\t\t\t\t\t\t\t\t\t\t\t\t<div class=\"elementor-custom-embed-play\" role=\"button\" aria-label=\"Reproduzir v\u00eddeo\" tabindex=\"0\">\n\t\t\t\t\t\t\t<i aria-hidden=\"true\" class=\"fas fa-play\"><\/i>\t\t\t\t\t\t<\/div>\n\t\t\t\t\t\t\t\t\t<\/div>\n\t\t\t\t\t<\/div>\n\t\t\t\t\t\t<\/div>\n\t\t\t\t<\/div>\n\t\t\t\t<div class=\"elementor-element elementor-element-2427cb0 elementor-widget elementor-widget-text-editor\" data-id=\"2427cb0\" data-element_type=\"widget\" data-e-type=\"widget\" data-widget_type=\"text-editor.default\">\n\t\t\t\t<div class=\"elementor-widget-container\">\n\t\t\t\t\t\t\t\t\t<h2>Defini\u00e7\u00e3o de Trauma Geracional<\/h2>\n<p>O trauma geracional, tamb\u00e9m conhecido como trauma intergeracional, refere-se \u00e0 transmiss\u00e3o do trauma de uma gera\u00e7\u00e3o para outra. Pode ocorrer quando os membros de uma comunidade ou fam\u00edlia sofrem um acontecimento traum\u00e1tico e os efeitos desse acontecimento continuam a afectar as gera\u00e7\u00f5es futuras. O trauma geracional pode ter efeitos profundos no bem-estar mental, incluindo depress\u00e3o, ansiedade e PTSD.<\/p>\n<h2>Os efeitos do trauma geracional<\/h2>\n<p>Os efeitos do trauma geracional no bem-estar mental podem ser complexos e duradouros. As pessoas que sofreram traumas geracionais podem ter uma sensa\u00e7\u00e3o de desconex\u00e3o da sua heran\u00e7a cultural, experimentar n\u00edveis elevados de stress e ansiedade e debater-se com um sentido de objectivo ou significado na vida. Al\u00e9m disso, os indiv\u00edduos que sofreram traumas geracionais podem debater-se com a toxicodepend\u00eancia e outros mecanismos de sobreviv\u00eancia desadaptativos.<\/p>\n<h2>Tratamentos para traumas geracionais<\/h2>\n<p>\u00c9 essencial procurar tratamento para o trauma geracional para promover a cura e a recupera\u00e7\u00e3o. Eis algumas formas de tratar o trauma geracional e promover o bem-estar mental:<\/p>\n<ul>\n<li>Terapia<\/li>\n<li>Cuidados culturalmente sens\u00edveis<\/li>\n<li>Grupos de apoio<\/li>\n<li>Autocuidado<\/li>\n<li>Abordagem de quest\u00f5es sist\u00e9micas<\/li>\n<\/ul>\n<h5> <\/h5>\n<h5>Terapia:<\/h5>\n<p>A terapia pode ser uma forma \u00fatil de lidar com traumas geracionais. Diferentes tipos de terapia, como a terapia narrativa e a terapia familiar, podem ser eficazes para ajudar os indiv\u00edduos a processarem as suas experi\u00eancias, a compreenderem como o trauma afectou as suas vidas e a desenvolverem estrat\u00e9gias de sobreviv\u00eancia.<\/p>\n<h5>Cuidados culturalmente sens\u00edveis:<\/h5>\n<p>\u00c9 importante procurar prestadores de cuidados de sa\u00fade que compreendam o contexto cultural do trauma geracional. Os cuidados culturalmente sens\u00edveis podem ajudar os indiv\u00edduos a sentirem-se mais compreendidos e validados nas suas experi\u00eancias e promover melhores resultados.<\/p>\n<h5>Grupos de apoio:<\/h5>\n<p>Os grupos de apoio podem proporcionar um sentido de comunidade e valida\u00e7\u00e3o a pessoas que sofreram traumas geracionais. Os grupos de apoio podem ser \u00fateis para reduzir os sentimentos de isolamento e aumentar o sentimento de liga\u00e7\u00e3o e perten\u00e7a.<\/p>\n<h5>Autocuidado:<\/h5>\n<p>Praticar o autocuidado, como o exerc\u00edcio, pr\u00e1ticas de aten\u00e7\u00e3o plena e passar tempo na natureza, pode ser ben\u00e9fico para gerir os sintomas de traumas geracionais. Os cuidados pessoais podem ajudar as pessoas a gerir o stress e a promover o bem-estar geral.<\/p>\n<h5>Abordagem de quest\u00f5es sist\u00e9micas:<\/h5>\n<p>A abordagem de quest\u00f5es sist\u00e9micas, como a pobreza, o racismo e a discrimina\u00e7\u00e3o, pode ajudar a resolver as causas profundas do trauma geracional. A defesa de pol\u00edticas e pr\u00e1ticas que promovam a equidade e a justi\u00e7a social pode ajudar a reduzir o trauma e a promover melhores resultados em termos de sa\u00fade mental.<\/p>\n<h2>Conclus\u00e3o<\/h2>\n<p>Em conclus\u00e3o, o trauma geracional pode ter efeitos negativos significativos no bem-estar mental. \u00c9 crucial procurar tratamento para o trauma geracional para promover a cura e a recupera\u00e7\u00e3o. O tratamento do trauma geracional pode incluir terapia, cuidados culturalmente sens\u00edveis, grupos de apoio, cuidados pessoais e a abordagem de quest\u00f5es sist\u00e9micas. Ao abordar os traumas geracionais e promover o bem-estar mental, os indiv\u00edduos podem experimentar maior resili\u00eancia, bem-estar e qualidade de vida.<\/p>\n\t\t\t\t\t\t\t\t<\/div>\n\t\t\t\t<\/div>\n\t\t\t\t\t<\/div>\n\t\t<\/div>\n\t\t\t\t\t<\/div>\n\t\t<\/section>\n\t\t\t\t<\/div>\n\t\t","protected":false},"excerpt":{"rendered":"<p>O trauma geracional, tamb\u00e9m conhecido como trauma intergeracional, refere-se \u00e0 transmiss\u00e3o do trauma de uma gera\u00e7\u00e3o para outra. Pode ocorrer quando os membros de uma comunidade ou fam\u00edlia sofrem um acontecimento traum\u00e1tico e os efeitos desse acontecimento continuam a afectar as gera\u00e7\u00f5es futuras.<\/p>\n","protected":false},"author":4,"featured_media":4645,"comment_status":"closed","ping_status":"closed","sticky":false,"template":"elementor_theme","format":"standard","meta":{"om_disable_all_campaigns":false,"_monsterinsights_skip_tracking":false,"_monsterinsights_sitenote_active":false,"_monsterinsights_sitenote_note":"","_monsterinsights_sitenote_category":0,"footnotes":""},"categories":[70],"tags":[89],"class_list":["post-4775","post","type-post","status-publish","format-standard","has-post-thumbnail","hentry","category-saude-mental-explicada","tag-trauma-pt-pt"],"yoast_head":"<!-- This site is optimized with the Yoast SEO plugin v27.5 - https:\/\/yoast.com\/product\/yoast-seo-wordpress\/ -->\n<title>O que \u00e9 o Trauma Geracional? - Colorful Minded<\/title>\n<meta name=\"robots\" content=\"index, follow, max-snippet:-1, max-image-preview:large, max-video-preview:-1\" \/>\n<link rel=\"canonical\" href=\"https:\/\/colorfulminded.com\/pt-pt\/saude-mental-explicada\/o-que-e-o-trauma-geracional\/\" \/>\n<meta property=\"og:locale\" content=\"pt_PT\" \/>\n<meta property=\"og:type\" content=\"article\" \/>\n<meta property=\"og:title\" content=\"O que \u00e9 o Trauma Geracional? - Colorful Minded\" \/>\n<meta property=\"og:description\" content=\"O trauma geracional, tamb\u00e9m conhecido como trauma intergeracional, refere-se \u00e0 transmiss\u00e3o do trauma de uma gera\u00e7\u00e3o para outra. Pode ocorrer quando os membros de uma comunidade ou fam\u00edlia sofrem um acontecimento traum\u00e1tico e os efeitos desse acontecimento continuam a afectar as gera\u00e7\u00f5es futuras.\" \/>\n<meta property=\"og:url\" content=\"https:\/\/colorfulminded.com\/pt-pt\/saude-mental-explicada\/o-que-e-o-trauma-geracional\/\" \/>\n<meta property=\"og:site_name\" content=\"Colorful Minded\" \/>\n<meta property=\"article:published_time\" content=\"2023-04-01T11:10:40+00:00\" \/>\n<meta property=\"article:modified_time\" content=\"2023-05-27T03:31:03+00:00\" \/>\n<meta property=\"og:image\" content=\"https:\/\/colorfulminded.com\/wp-content\/uploads\/2023\/04\/pexels-matthias-zomer-339620_bewerkt.jpg\" \/>\n\t<meta property=\"og:image:width\" content=\"2560\" \/>\n\t<meta property=\"og:image:height\" content=\"1440\" \/>\n\t<meta property=\"og:image:type\" content=\"image\/jpeg\" \/>\n<meta name=\"author\" content=\"Colorful Minded\" \/>\n<meta name=\"twitter:card\" content=\"summary_large_image\" \/>\n<meta name=\"twitter:label1\" content=\"Escrito por\" \/>\n\t<meta name=\"twitter:data1\" content=\"Colorful Minded\" \/>\n\t<meta name=\"twitter:label2\" content=\"Tempo estimado de leitura\" \/>\n\t<meta name=\"twitter:data2\" content=\"3 minutos\" \/>\n<script type=\"application\/ld+json\" class=\"yoast-schema-graph\">{\"@context\":\"https:\\\/\\\/schema.org\",\"@graph\":[{\"@type\":\"Article\",\"@id\":\"https:\\\/\\\/colorfulminded.com\\\/pt-pt\\\/saude-mental-explicada\\\/o-que-e-o-trauma-geracional\\\/#article\",\"isPartOf\":{\"@id\":\"https:\\\/\\\/colorfulminded.com\\\/pt-pt\\\/saude-mental-explicada\\\/o-que-e-o-trauma-geracional\\\/\"},\"author\":{\"name\":\"Colorful Minded\",\"@id\":\"https:\\\/\\\/colorfulminded.com\\\/pt-pt\\\/#\\\/schema\\\/person\\\/d04685faeebd4094e298c90736bd3b92\"},\"headline\":\"O que \u00e9 o Trauma Geracional?\",\"datePublished\":\"2023-04-01T11:10:40+00:00\",\"dateModified\":\"2023-05-27T03:31:03+00:00\",\"mainEntityOfPage\":{\"@id\":\"https:\\\/\\\/colorfulminded.com\\\/pt-pt\\\/saude-mental-explicada\\\/o-que-e-o-trauma-geracional\\\/\"},\"wordCount\":542,\"publisher\":{\"@id\":\"https:\\\/\\\/colorfulminded.com\\\/pt-pt\\\/#organization\"},\"image\":{\"@id\":\"https:\\\/\\\/colorfulminded.com\\\/pt-pt\\\/saude-mental-explicada\\\/o-que-e-o-trauma-geracional\\\/#primaryimage\"},\"thumbnailUrl\":\"https:\\\/\\\/colorfulminded.com\\\/wp-content\\\/uploads\\\/2023\\\/04\\\/pexels-matthias-zomer-339620_bewerkt.jpg\",\"keywords\":[\"Trauma\"],\"articleSection\":[\"Sa\u00fade mental explicada\"],\"inLanguage\":\"pt-PT\"},{\"@type\":\"WebPage\",\"@id\":\"https:\\\/\\\/colorfulminded.com\\\/pt-pt\\\/saude-mental-explicada\\\/o-que-e-o-trauma-geracional\\\/\",\"url\":\"https:\\\/\\\/colorfulminded.com\\\/pt-pt\\\/saude-mental-explicada\\\/o-que-e-o-trauma-geracional\\\/\",\"name\":\"O que \u00e9 o Trauma Geracional? - Colorful Minded\",\"isPartOf\":{\"@id\":\"https:\\\/\\\/colorfulminded.com\\\/pt-pt\\\/#website\"},\"primaryImageOfPage\":{\"@id\":\"https:\\\/\\\/colorfulminded.com\\\/pt-pt\\\/saude-mental-explicada\\\/o-que-e-o-trauma-geracional\\\/#primaryimage\"},\"image\":{\"@id\":\"https:\\\/\\\/colorfulminded.com\\\/pt-pt\\\/saude-mental-explicada\\\/o-que-e-o-trauma-geracional\\\/#primaryimage\"},\"thumbnailUrl\":\"https:\\\/\\\/colorfulminded.com\\\/wp-content\\\/uploads\\\/2023\\\/04\\\/pexels-matthias-zomer-339620_bewerkt.jpg\",\"datePublished\":\"2023-04-01T11:10:40+00:00\",\"dateModified\":\"2023-05-27T03:31:03+00:00\",\"breadcrumb\":{\"@id\":\"https:\\\/\\\/colorfulminded.com\\\/pt-pt\\\/saude-mental-explicada\\\/o-que-e-o-trauma-geracional\\\/#breadcrumb\"},\"inLanguage\":\"pt-PT\",\"potentialAction\":[{\"@type\":\"ReadAction\",\"target\":[\"https:\\\/\\\/colorfulminded.com\\\/pt-pt\\\/saude-mental-explicada\\\/o-que-e-o-trauma-geracional\\\/\"]}]},{\"@type\":\"ImageObject\",\"inLanguage\":\"pt-PT\",\"@id\":\"https:\\\/\\\/colorfulminded.com\\\/pt-pt\\\/saude-mental-explicada\\\/o-que-e-o-trauma-geracional\\\/#primaryimage\",\"url\":\"https:\\\/\\\/colorfulminded.com\\\/wp-content\\\/uploads\\\/2023\\\/04\\\/pexels-matthias-zomer-339620_bewerkt.jpg\",\"contentUrl\":\"https:\\\/\\\/colorfulminded.com\\\/wp-content\\\/uploads\\\/2023\\\/04\\\/pexels-matthias-zomer-339620_bewerkt.jpg\",\"width\":2560,\"height\":1440},{\"@type\":\"BreadcrumbList\",\"@id\":\"https:\\\/\\\/colorfulminded.com\\\/pt-pt\\\/saude-mental-explicada\\\/o-que-e-o-trauma-geracional\\\/#breadcrumb\",\"itemListElement\":[{\"@type\":\"ListItem\",\"position\":1,\"name\":\"Home\",\"item\":\"https:\\\/\\\/colorfulminded.com\\\/pt-pt\\\/\"},{\"@type\":\"ListItem\",\"position\":2,\"name\":\"Sa\u00fade mental explicada\",\"item\":\"https:\\\/\\\/colorfulminded.com\\\/pt-pt\\\/categoria\\\/saude-mental-explicada\\\/\"},{\"@type\":\"ListItem\",\"position\":3,\"name\":\"O que \u00e9 o Trauma Geracional?\"}]},{\"@type\":\"WebSite\",\"@id\":\"https:\\\/\\\/colorfulminded.com\\\/pt-pt\\\/#website\",\"url\":\"https:\\\/\\\/colorfulminded.com\\\/pt-pt\\\/\",\"name\":\"Colorful Minded\",\"description\":\"Everyday Mental Health\",\"publisher\":{\"@id\":\"https:\\\/\\\/colorfulminded.com\\\/pt-pt\\\/#organization\"},\"potentialAction\":[{\"@type\":\"SearchAction\",\"target\":{\"@type\":\"EntryPoint\",\"urlTemplate\":\"https:\\\/\\\/colorfulminded.com\\\/pt-pt\\\/?s={search_term_string}\"},\"query-input\":{\"@type\":\"PropertyValueSpecification\",\"valueRequired\":true,\"valueName\":\"search_term_string\"}}],\"inLanguage\":\"pt-PT\"},{\"@type\":\"Organization\",\"@id\":\"https:\\\/\\\/colorfulminded.com\\\/pt-pt\\\/#organization\",\"name\":\"Colorful Minded\",\"url\":\"https:\\\/\\\/colorfulminded.com\\\/pt-pt\\\/\",\"logo\":{\"@type\":\"ImageObject\",\"inLanguage\":\"pt-PT\",\"@id\":\"https:\\\/\\\/colorfulminded.com\\\/pt-pt\\\/#\\\/schema\\\/logo\\\/image\\\/\",\"url\":\"https:\\\/\\\/colorfulminded.com\\\/wp-content\\\/uploads\\\/2023\\\/01\\\/ColorfulMinded_LOGO_v2.1_combi-landscape-col_1000px.png\",\"contentUrl\":\"https:\\\/\\\/colorfulminded.com\\\/wp-content\\\/uploads\\\/2023\\\/01\\\/ColorfulMinded_LOGO_v2.1_combi-landscape-col_1000px.png\",\"width\":1000,\"height\":301,\"caption\":\"Colorful Minded\"},\"image\":{\"@id\":\"https:\\\/\\\/colorfulminded.com\\\/pt-pt\\\/#\\\/schema\\\/logo\\\/image\\\/\"}},{\"@type\":\"Person\",\"@id\":\"https:\\\/\\\/colorfulminded.com\\\/pt-pt\\\/#\\\/schema\\\/person\\\/d04685faeebd4094e298c90736bd3b92\",\"name\":\"Colorful Minded\",\"image\":{\"@type\":\"ImageObject\",\"inLanguage\":\"pt-PT\",\"@id\":\"https:\\\/\\\/secure.gravatar.com\\\/avatar\\\/0fe0d94cfef372f600fc9c2b72d8975e03077f6d472e2fe2eb6a329a55cc7049?s=96&d=mm&r=g\",\"url\":\"https:\\\/\\\/secure.gravatar.com\\\/avatar\\\/0fe0d94cfef372f600fc9c2b72d8975e03077f6d472e2fe2eb6a329a55cc7049?s=96&d=mm&r=g\",\"contentUrl\":\"https:\\\/\\\/secure.gravatar.com\\\/avatar\\\/0fe0d94cfef372f600fc9c2b72d8975e03077f6d472e2fe2eb6a329a55cc7049?s=96&d=mm&r=g\",\"caption\":\"Colorful Minded\"},\"url\":\"https:\\\/\\\/colorfulminded.com\\\/pt-pt\\\/author\\\/jdareynolds\\\/\"}]}<\/script>\n<!-- \/ Yoast SEO plugin. -->","yoast_head_json":{"title":"O que \u00e9 o Trauma Geracional? - Colorful Minded","robots":{"index":"index","follow":"follow","max-snippet":"max-snippet:-1","max-image-preview":"max-image-preview:large","max-video-preview":"max-video-preview:-1"},"canonical":"https:\/\/colorfulminded.com\/pt-pt\/saude-mental-explicada\/o-que-e-o-trauma-geracional\/","og_locale":"pt_PT","og_type":"article","og_title":"O que \u00e9 o Trauma Geracional? - Colorful Minded","og_description":"O trauma geracional, tamb\u00e9m conhecido como trauma intergeracional, refere-se \u00e0 transmiss\u00e3o do trauma de uma gera\u00e7\u00e3o para outra. Pode ocorrer quando os membros de uma comunidade ou fam\u00edlia sofrem um acontecimento traum\u00e1tico e os efeitos desse acontecimento continuam a afectar as gera\u00e7\u00f5es futuras.","og_url":"https:\/\/colorfulminded.com\/pt-pt\/saude-mental-explicada\/o-que-e-o-trauma-geracional\/","og_site_name":"Colorful Minded","article_published_time":"2023-04-01T11:10:40+00:00","article_modified_time":"2023-05-27T03:31:03+00:00","og_image":[{"width":2560,"height":1440,"url":"https:\/\/colorfulminded.com\/wp-content\/uploads\/2023\/04\/pexels-matthias-zomer-339620_bewerkt.jpg","type":"image\/jpeg"}],"author":"Colorful Minded","twitter_card":"summary_large_image","twitter_misc":{"Escrito por":"Colorful Minded","Tempo estimado de leitura":"3 minutos"},"schema":{"@context":"https:\/\/schema.org","@graph":[{"@type":"Article","@id":"https:\/\/colorfulminded.com\/pt-pt\/saude-mental-explicada\/o-que-e-o-trauma-geracional\/#article","isPartOf":{"@id":"https:\/\/colorfulminded.com\/pt-pt\/saude-mental-explicada\/o-que-e-o-trauma-geracional\/"},"author":{"name":"Colorful Minded","@id":"https:\/\/colorfulminded.com\/pt-pt\/#\/schema\/person\/d04685faeebd4094e298c90736bd3b92"},"headline":"O que \u00e9 o Trauma Geracional?","datePublished":"2023-04-01T11:10:40+00:00","dateModified":"2023-05-27T03:31:03+00:00","mainEntityOfPage":{"@id":"https:\/\/colorfulminded.com\/pt-pt\/saude-mental-explicada\/o-que-e-o-trauma-geracional\/"},"wordCount":542,"publisher":{"@id":"https:\/\/colorfulminded.com\/pt-pt\/#organization"},"image":{"@id":"https:\/\/colorfulminded.com\/pt-pt\/saude-mental-explicada\/o-que-e-o-trauma-geracional\/#primaryimage"},"thumbnailUrl":"https:\/\/colorfulminded.com\/wp-content\/uploads\/2023\/04\/pexels-matthias-zomer-339620_bewerkt.jpg","keywords":["Trauma"],"articleSection":["Sa\u00fade mental explicada"],"inLanguage":"pt-PT"},{"@type":"WebPage","@id":"https:\/\/colorfulminded.com\/pt-pt\/saude-mental-explicada\/o-que-e-o-trauma-geracional\/","url":"https:\/\/colorfulminded.com\/pt-pt\/saude-mental-explicada\/o-que-e-o-trauma-geracional\/","name":"O que \u00e9 o Trauma Geracional? - Colorful Minded","isPartOf":{"@id":"https:\/\/colorfulminded.com\/pt-pt\/#website"},"primaryImageOfPage":{"@id":"https:\/\/colorfulminded.com\/pt-pt\/saude-mental-explicada\/o-que-e-o-trauma-geracional\/#primaryimage"},"image":{"@id":"https:\/\/colorfulminded.com\/pt-pt\/saude-mental-explicada\/o-que-e-o-trauma-geracional\/#primaryimage"},"thumbnailUrl":"https:\/\/colorfulminded.com\/wp-content\/uploads\/2023\/04\/pexels-matthias-zomer-339620_bewerkt.jpg","datePublished":"2023-04-01T11:10:40+00:00","dateModified":"2023-05-27T03:31:03+00:00","breadcrumb":{"@id":"https:\/\/colorfulminded.com\/pt-pt\/saude-mental-explicada\/o-que-e-o-trauma-geracional\/#breadcrumb"},"inLanguage":"pt-PT","potentialAction":[{"@type":"ReadAction","target":["https:\/\/colorfulminded.com\/pt-pt\/saude-mental-explicada\/o-que-e-o-trauma-geracional\/"]}]},{"@type":"ImageObject","inLanguage":"pt-PT","@id":"https:\/\/colorfulminded.com\/pt-pt\/saude-mental-explicada\/o-que-e-o-trauma-geracional\/#primaryimage","url":"https:\/\/colorfulminded.com\/wp-content\/uploads\/2023\/04\/pexels-matthias-zomer-339620_bewerkt.jpg","contentUrl":"https:\/\/colorfulminded.com\/wp-content\/uploads\/2023\/04\/pexels-matthias-zomer-339620_bewerkt.jpg","width":2560,"height":1440},{"@type":"BreadcrumbList","@id":"https:\/\/colorfulminded.com\/pt-pt\/saude-mental-explicada\/o-que-e-o-trauma-geracional\/#breadcrumb","itemListElement":[{"@type":"ListItem","position":1,"name":"Home","item":"https:\/\/colorfulminded.com\/pt-pt\/"},{"@type":"ListItem","position":2,"name":"Sa\u00fade mental explicada","item":"https:\/\/colorfulminded.com\/pt-pt\/categoria\/saude-mental-explicada\/"},{"@type":"ListItem","position":3,"name":"O que \u00e9 o Trauma Geracional?"}]},{"@type":"WebSite","@id":"https:\/\/colorfulminded.com\/pt-pt\/#website","url":"https:\/\/colorfulminded.com\/pt-pt\/","name":"Colorful Minded","description":"Everyday Mental Health","publisher":{"@id":"https:\/\/colorfulminded.com\/pt-pt\/#organization"},"potentialAction":[{"@type":"SearchAction","target":{"@type":"EntryPoint","urlTemplate":"https:\/\/colorfulminded.com\/pt-pt\/?s={search_term_string}"},"query-input":{"@type":"PropertyValueSpecification","valueRequired":true,"valueName":"search_term_string"}}],"inLanguage":"pt-PT"},{"@type":"Organization","@id":"https:\/\/colorfulminded.com\/pt-pt\/#organization","name":"Colorful Minded","url":"https:\/\/colorfulminded.com\/pt-pt\/","logo":{"@type":"ImageObject","inLanguage":"pt-PT","@id":"https:\/\/colorfulminded.com\/pt-pt\/#\/schema\/logo\/image\/","url":"https:\/\/colorfulminded.com\/wp-content\/uploads\/2023\/01\/ColorfulMinded_LOGO_v2.1_combi-landscape-col_1000px.png","contentUrl":"https:\/\/colorfulminded.com\/wp-content\/uploads\/2023\/01\/ColorfulMinded_LOGO_v2.1_combi-landscape-col_1000px.png","width":1000,"height":301,"caption":"Colorful Minded"},"image":{"@id":"https:\/\/colorfulminded.com\/pt-pt\/#\/schema\/logo\/image\/"}},{"@type":"Person","@id":"https:\/\/colorfulminded.com\/pt-pt\/#\/schema\/person\/d04685faeebd4094e298c90736bd3b92","name":"Colorful Minded","image":{"@type":"ImageObject","inLanguage":"pt-PT","@id":"https:\/\/secure.gravatar.com\/avatar\/0fe0d94cfef372f600fc9c2b72d8975e03077f6d472e2fe2eb6a329a55cc7049?s=96&d=mm&r=g","url":"https:\/\/secure.gravatar.com\/avatar\/0fe0d94cfef372f600fc9c2b72d8975e03077f6d472e2fe2eb6a329a55cc7049?s=96&d=mm&r=g","contentUrl":"https:\/\/secure.gravatar.com\/avatar\/0fe0d94cfef372f600fc9c2b72d8975e03077f6d472e2fe2eb6a329a55cc7049?s=96&d=mm&r=g","caption":"Colorful Minded"},"url":"https:\/\/colorfulminded.com\/pt-pt\/author\/jdareynolds\/"}]}},"_links":{"self":[{"href":"https:\/\/colorfulminded.com\/pt-pt\/wp-json\/wp\/v2\/posts\/4775","targetHints":{"allow":["GET"]}}],"collection":[{"href":"https:\/\/colorfulminded.com\/pt-pt\/wp-json\/wp\/v2\/posts"}],"about":[{"href":"https:\/\/colorfulminded.com\/pt-pt\/wp-json\/wp\/v2\/types\/post"}],"author":[{"embeddable":true,"href":"https:\/\/colorfulminded.com\/pt-pt\/wp-json\/wp\/v2\/users\/4"}],"replies":[{"embeddable":true,"href":"https:\/\/colorfulminded.com\/pt-pt\/wp-json\/wp\/v2\/comments?post=4775"}],"version-history":[{"count":12,"href":"https:\/\/colorfulminded.com\/pt-pt\/wp-json\/wp\/v2\/posts\/4775\/revisions"}],"predecessor-version":[{"id":5438,"href":"https:\/\/colorfulminded.com\/pt-pt\/wp-json\/wp\/v2\/posts\/4775\/revisions\/5438"}],"wp:featuredmedia":[{"embeddable":true,"href":"https:\/\/colorfulminded.com\/pt-pt\/wp-json\/wp\/v2\/media\/4645"}],"wp:attachment":[{"href":"https:\/\/colorfulminded.com\/pt-pt\/wp-json\/wp\/v2\/media?parent=4775"}],"wp:term":[{"taxonomy":"category","embeddable":true,"href":"https:\/\/colorfulminded.com\/pt-pt\/wp-json\/wp\/v2\/categories?post=4775"},{"taxonomy":"post_tag","embeddable":true,"href":"https:\/\/colorfulminded.com\/pt-pt\/wp-json\/wp\/v2\/tags?post=4775"}],"curies":[{"name":"wp","href":"https:\/\/api.w.org\/{rel}","templated":true}]}}