{"id":4781,"date":"2023-04-01T13:09:45","date_gmt":"2023-04-01T11:09:45","guid":{"rendered":"https:\/\/colorfulminded.com\/library\/o-que-e-uma-perturbacao-de-panico\/"},"modified":"2023-05-27T05:35:19","modified_gmt":"2023-05-27T03:35:19","slug":"como-lidar-com-o-transtorno-do-panico","status":"publish","type":"post","link":"https:\/\/colorfulminded.com\/pt-pt\/saude-mental-explicada\/como-lidar-com-o-transtorno-do-panico\/","title":{"rendered":"Como lidar com o Transtorno do P\u00e2nico?"},"content":{"rendered":"\t\t<div data-elementor-type=\"wp-post\" data-elementor-id=\"4781\" class=\"elementor elementor-4781 elementor-3943\" data-elementor-post-type=\"post\">\n\t\t\t\t\t\t<section class=\"elementor-section elementor-top-section elementor-element elementor-element-ddb45a8 elementor-section-boxed elementor-section-height-default elementor-section-height-default wpr-particle-no wpr-jarallax-no wpr-parallax-no wpr-sticky-section-no wpr-equal-height-no\" data-id=\"ddb45a8\" data-element_type=\"section\" data-e-type=\"section\">\n\t\t\t\t\t\t<div class=\"elementor-container elementor-column-gap-default\">\n\t\t\t\t\t<div class=\"elementor-column elementor-col-100 elementor-top-column elementor-element elementor-element-5d00832\" data-id=\"5d00832\" data-element_type=\"column\" data-e-type=\"column\">\n\t\t\t<div class=\"elementor-widget-wrap elementor-element-populated\">\n\t\t\t\t\t\t<div class=\"elementor-element elementor-element-d0469b6 elementor-widget elementor-widget-video\" data-id=\"d0469b6\" data-element_type=\"widget\" data-e-type=\"widget\" data-settings=\"{&quot;youtube_url&quot;:&quot;https:\\\/\\\/youtu.be\\\/ElV_Ro6cIq0&quot;,&quot;show_image_overlay&quot;:&quot;yes&quot;,&quot;lightbox&quot;:&quot;yes&quot;,&quot;image_overlay&quot;:{&quot;url&quot;:&quot;https:\\\/\\\/colorfulminded.com\\\/wp-content\\\/uploads\\\/2023\\\/04\\\/CM_MHE_006_howtocopewithpanicdisorder_THUMB_v1.0_PT_landscape.jpg&quot;,&quot;id&quot;:5114,&quot;size&quot;:&quot;&quot;,&quot;alt&quot;:&quot;&quot;,&quot;source&quot;:&quot;library&quot;},&quot;video_type&quot;:&quot;youtube&quot;,&quot;controls&quot;:&quot;yes&quot;}\" data-widget_type=\"video.default\">\n\t\t\t\t<div class=\"elementor-widget-container\">\n\t\t\t\t\t\t\t<div class=\"elementor-wrapper elementor-open-lightbox\">\n\t\t\t\t\t\t\t<div class=\"elementor-custom-embed-image-overlay\" data-elementor-open-lightbox=\"yes\" data-elementor-lightbox=\"{&quot;type&quot;:&quot;video&quot;,&quot;videoType&quot;:&quot;youtube&quot;,&quot;url&quot;:&quot;https:\\\/\\\/www.youtube.com\\\/embed\\\/ElV_Ro6cIq0?feature=oembed&amp;start&amp;end&amp;wmode=opaque&amp;loop=0&amp;controls=1&amp;mute=0&amp;rel=0&amp;cc_load_policy=0&quot;,&quot;autoplay&quot;:&quot;&quot;,&quot;modalOptions&quot;:{&quot;id&quot;:&quot;elementor-lightbox-d0469b6&quot;,&quot;entranceAnimation&quot;:&quot;&quot;,&quot;entranceAnimation_tablet&quot;:&quot;&quot;,&quot;entranceAnimation_mobile&quot;:&quot;&quot;,&quot;videoAspectRatio&quot;:&quot;169&quot;}}\" data-e-action-hash=\"#elementor-action%3Aaction%3Dlightbox%26settings%3DeyJ0eXBlIjoidmlkZW8iLCJ2aWRlb1R5cGUiOiJ5b3V0dWJlIiwidXJsIjoiaHR0cHM6XC9cL3d3dy55b3V0dWJlLmNvbVwvZW1iZWRcL0VsVl9SbzZjSXEwP2ZlYXR1cmU9b2VtYmVkJnN0YXJ0JmVuZCZ3bW9kZT1vcGFxdWUmbG9vcD0wJmNvbnRyb2xzPTEmbXV0ZT0wJnJlbD0wJmNjX2xvYWRfcG9saWN5PTAiLCJhdXRvcGxheSI6IiIsIm1vZGFsT3B0aW9ucyI6eyJpZCI6ImVsZW1lbnRvci1saWdodGJveC1kMDQ2OWI2IiwiZW50cmFuY2VBbmltYXRpb24iOiIiLCJlbnRyYW5jZUFuaW1hdGlvbl90YWJsZXQiOiIiLCJlbnRyYW5jZUFuaW1hdGlvbl9tb2JpbGUiOiIiLCJ2aWRlb0FzcGVjdFJhdGlvIjoiMTY5In19\">\n\t\t\t\t\t\t\t\t\t\t\t<img fetchpriority=\"high\" decoding=\"async\" width=\"1920\" height=\"1080\" src=\"https:\/\/colorfulminded.com\/wp-content\/uploads\/2023\/04\/CM_MHE_006_howtocopewithpanicdisorder_THUMB_v1.0_PT_landscape.jpg\" class=\"attachment-full size-full wp-image-5114\" alt=\"\" srcset=\"https:\/\/colorfulminded.com\/wp-content\/uploads\/2023\/04\/CM_MHE_006_howtocopewithpanicdisorder_THUMB_v1.0_PT_landscape.jpg 1920w, https:\/\/colorfulminded.com\/wp-content\/uploads\/2023\/04\/CM_MHE_006_howtocopewithpanicdisorder_THUMB_v1.0_PT_landscape-300x169.jpg 300w, https:\/\/colorfulminded.com\/wp-content\/uploads\/2023\/04\/CM_MHE_006_howtocopewithpanicdisorder_THUMB_v1.0_PT_landscape-1024x576.jpg 1024w, https:\/\/colorfulminded.com\/wp-content\/uploads\/2023\/04\/CM_MHE_006_howtocopewithpanicdisorder_THUMB_v1.0_PT_landscape-768x432.jpg 768w, https:\/\/colorfulminded.com\/wp-content\/uploads\/2023\/04\/CM_MHE_006_howtocopewithpanicdisorder_THUMB_v1.0_PT_landscape-1536x864.jpg 1536w, https:\/\/colorfulminded.com\/wp-content\/uploads\/2023\/04\/CM_MHE_006_howtocopewithpanicdisorder_THUMB_v1.0_PT_landscape-600x338.jpg 600w\" sizes=\"(max-width: 1920px) 100vw, 1920px\" \/>\t\t\t\t\t\t\t\t\t\t\t\t\t\t\t\t<div class=\"elementor-custom-embed-play\" role=\"button\" aria-label=\"Reproduzir v\u00eddeo\" tabindex=\"0\">\n\t\t\t\t\t\t\t<i aria-hidden=\"true\" class=\"fas fa-play\"><\/i>\t\t\t\t\t\t<\/div>\n\t\t\t\t\t\t\t\t\t<\/div>\n\t\t\t\t\t<\/div>\n\t\t\t\t\t\t<\/div>\n\t\t\t\t<\/div>\n\t\t\t\t<div class=\"elementor-element elementor-element-2427cb0 elementor-widget elementor-widget-text-editor\" data-id=\"2427cb0\" data-element_type=\"widget\" data-e-type=\"widget\" data-widget_type=\"text-editor.default\">\n\t\t\t\t<div class=\"elementor-widget-container\">\n\t\t\t\t\t\t\t\t\t<h2>Defini\u00e7\u00e3o de perturba\u00e7\u00e3o de p\u00e2nico<\/h2>\n<p>A perturba\u00e7\u00e3o de p\u00e2nico \u00e9 um tipo de perturba\u00e7\u00e3o de ansiedade caracterizada por ataques de p\u00e2nico s\u00fabitos e recorrentes. Os ataques de p\u00e2nico s\u00e3o sentimentos intensos e avassaladores de medo e ang\u00fastia que podem durar v\u00e1rios minutos ou mesmo horas. A perturba\u00e7\u00e3o de p\u00e2nico pode ter um impacto significativo na qualidade de vida e nas actividades di\u00e1rias de um indiv\u00edduo, mas com um diagn\u00f3stico e tratamento adequados, pode ser gerida de forma eficaz.<\/p>\n<h2>Quais s\u00e3o os sintomas mais comuns?<\/h2>\n<p>Os sintomas da perturba\u00e7\u00e3o de p\u00e2nico incluem:<\/p>\n<ul>\n<li>sentimentos intensos de medo ou terror<\/li>\n<li>ritmo card\u00edaco acelerado<\/li>\n<li>transpira\u00e7\u00e3o<\/li>\n<li>agita\u00e7\u00e3o<\/li>\n<li>falta de ar<\/li>\n<li>dor no peito<\/li>\n<li>n\u00e1useas<\/li>\n<li>tonturas<\/li>\n<li>sentimentos de desgra\u00e7a iminente ou de perda de controlo.<\/li>\n<\/ul>\n<p>Os ataques de p\u00e2nico podem ocorrer em qualquer altura e os indiv\u00edduos podem tamb\u00e9m desenvolver um medo de ter um ataque de p\u00e2nico em p\u00fablico, levando-os a evitar determinadas situa\u00e7\u00f5es ou locais.<\/p>\n<h2>As causas da perturba\u00e7\u00e3o de p\u00e2nico<\/h2>\n<p>As causas da perturba\u00e7\u00e3o de p\u00e2nico n\u00e3o s\u00e3o totalmente conhecidas, mas uma combina\u00e7\u00e3o de factores gen\u00e9ticos, ambientais e psicol\u00f3gicos pode contribuir para o seu desenvolvimento. As pessoas com antecedentes familiares de perturba\u00e7\u00e3o de p\u00e2nico ou outras perturba\u00e7\u00f5es de ansiedade podem ter maior probabilidade de desenvolver a doen\u00e7a.<\/p>\n<ul>\n<li>Acontecimentos traum\u00e1ticos,<\/li>\n<li>stress cr\u00f3nico, e<\/li>\n<li>grandes mudan\u00e7as na vida<\/li>\n<\/ul>\n<p>podem tamb\u00e9m aumentar o risco de desenvolver perturba\u00e7\u00f5es de p\u00e2nico.<\/p>\n<h2>Tratamentos para a perturba\u00e7\u00e3o de p\u00e2nico<\/h2>\n<p>O tratamento eficaz da perturba\u00e7\u00e3o de p\u00e2nico envolve<\/p>\n<ul>\n<li>medicamentos<\/li>\n<li>psicoterapia<\/li>\n<li>mudan\u00e7as de estilo de vida<\/li>\n<\/ul>\n<h5> <\/h5>\n<h5>Medicamentos<\/h5>\n<p>Os antidepressivos e os medicamentos anti-ansiedade podem ajudar a gerir os sintomas f\u00edsicos dos ataques de p\u00e2nico e a reduzir a frequ\u00eancia e a gravidade dos ataques de p\u00e2nico.<\/p>\n<h5>Psicoterapia<\/h5>\n<p>A psicoterapia, como a terapia cognitivo-comportamental (TCC), pode ajudar os indiv\u00edduos a identificar e a desafiar pensamentos e cren\u00e7as negativas que possam estar a contribuir para os ataques de p\u00e2nico. A terapia de exposi\u00e7\u00e3o tamb\u00e9m pode ser utilizada para ajudar os indiv\u00edduos a enfrentar e a ultrapassar os seus medos relacionados com os ataques de p\u00e2nico.<\/p>\n<h5>Altera\u00e7\u00f5es do estilo de vida<\/h5>\n<p>As mudan\u00e7as no estilo de vida tamb\u00e9m podem ajudar a gerir a perturba\u00e7\u00e3o de p\u00e2nico. A pr\u00e1tica regular de exerc\u00edcio f\u00edsico, h\u00e1bitos alimentares saud\u00e1veis e um sono suficiente podem melhorar a sa\u00fade mental e f\u00edsica geral e reduzir os n\u00edveis de stress. Evitar o abuso de \u00e1lcool e de subst\u00e2ncias \u00e9 tamb\u00e9m essencial, uma vez que podem exacerbar os ataques de p\u00e2nico e aumentar o risco de desenvolver a perturba\u00e7\u00e3o de p\u00e2nico.<\/p>\n<h2>Conclus\u00e3o<\/h2>\n<p>Em conclus\u00e3o, a perturba\u00e7\u00e3o de p\u00e2nico \u00e9 uma doen\u00e7a debilitante que pode afectar significativamente a qualidade de vida de um indiv\u00edduo. Reconhecer os sintomas e procurar ajuda profissional \u00e9 crucial para uma gest\u00e3o eficaz. Com um diagn\u00f3stico e tratamento adequados, os indiv\u00edduos com perturba\u00e7\u00e3o de p\u00e2nico podem aprender a gerir os seus sintomas e a melhorar o seu bem-estar geral.<\/p>\n\t\t\t\t\t\t\t\t<\/div>\n\t\t\t\t<\/div>\n\t\t\t\t\t<\/div>\n\t\t<\/div>\n\t\t\t\t\t<\/div>\n\t\t<\/section>\n\t\t\t\t<\/div>\n\t\t","protected":false},"excerpt":{"rendered":"<p>A perturba\u00e7\u00e3o de p\u00e2nico \u00e9 um tipo de perturba\u00e7\u00e3o de ansiedade caracterizada por ataques de p\u00e2nico s\u00fabitos e recorrentes. Os ataques de p\u00e2nico s\u00e3o sentimentos intensos e avassaladores de medo e ang\u00fastia que podem durar v\u00e1rios minutos ou mesmo horas.  <\/p>\n","protected":false},"author":4,"featured_media":4635,"comment_status":"closed","ping_status":"closed","sticky":false,"template":"elementor_theme","format":"standard","meta":{"om_disable_all_campaigns":false,"_monsterinsights_skip_tracking":false,"_monsterinsights_sitenote_active":false,"_monsterinsights_sitenote_note":"","_monsterinsights_sitenote_category":0,"footnotes":""},"categories":[70],"tags":[86],"class_list":["post-4781","post","type-post","status-publish","format-standard","has-post-thumbnail","hentry","category-saude-mental-explicada","tag-panico"],"yoast_head":"<!-- This site is optimized with the Yoast SEO plugin v27.5 - https:\/\/yoast.com\/product\/yoast-seo-wordpress\/ -->\n<title>Como lidar com o Transtorno do P\u00e2nico? - Colorful Minded<\/title>\n<meta name=\"robots\" content=\"index, follow, max-snippet:-1, max-image-preview:large, max-video-preview:-1\" \/>\n<link rel=\"canonical\" href=\"https:\/\/colorfulminded.com\/pt-pt\/saude-mental-explicada\/como-lidar-com-o-transtorno-do-panico\/\" \/>\n<meta property=\"og:locale\" content=\"pt_PT\" \/>\n<meta property=\"og:type\" content=\"article\" \/>\n<meta property=\"og:title\" content=\"Como lidar com o Transtorno do P\u00e2nico? - Colorful Minded\" \/>\n<meta property=\"og:description\" content=\"A perturba\u00e7\u00e3o de p\u00e2nico \u00e9 um tipo de perturba\u00e7\u00e3o de ansiedade caracterizada por ataques de p\u00e2nico s\u00fabitos e recorrentes. Os ataques de p\u00e2nico s\u00e3o sentimentos intensos e avassaladores de medo e ang\u00fastia que podem durar v\u00e1rios minutos ou mesmo horas.\" \/>\n<meta property=\"og:url\" content=\"https:\/\/colorfulminded.com\/pt-pt\/saude-mental-explicada\/como-lidar-com-o-transtorno-do-panico\/\" \/>\n<meta property=\"og:site_name\" content=\"Colorful Minded\" \/>\n<meta property=\"article:published_time\" content=\"2023-04-01T11:09:45+00:00\" \/>\n<meta property=\"article:modified_time\" content=\"2023-05-27T03:35:19+00:00\" \/>\n<meta property=\"og:image\" content=\"https:\/\/colorfulminded.com\/wp-content\/uploads\/2023\/04\/pexels-tope-a-asokere-4811587_bewerkt-scaled.jpg\" \/>\n\t<meta property=\"og:image:width\" content=\"1920\" \/>\n\t<meta property=\"og:image:height\" content=\"2560\" \/>\n\t<meta property=\"og:image:type\" content=\"image\/jpeg\" \/>\n<meta name=\"author\" content=\"Colorful Minded\" \/>\n<meta name=\"twitter:card\" content=\"summary_large_image\" \/>\n<meta name=\"twitter:label1\" content=\"Escrito por\" \/>\n\t<meta name=\"twitter:data1\" content=\"Colorful Minded\" \/>\n\t<meta name=\"twitter:label2\" content=\"Tempo estimado de leitura\" \/>\n\t<meta name=\"twitter:data2\" content=\"3 minutos\" \/>\n<script type=\"application\/ld+json\" class=\"yoast-schema-graph\">{\"@context\":\"https:\\\/\\\/schema.org\",\"@graph\":[{\"@type\":\"Article\",\"@id\":\"https:\\\/\\\/colorfulminded.com\\\/pt-pt\\\/saude-mental-explicada\\\/como-lidar-com-o-transtorno-do-panico\\\/#article\",\"isPartOf\":{\"@id\":\"https:\\\/\\\/colorfulminded.com\\\/pt-pt\\\/saude-mental-explicada\\\/como-lidar-com-o-transtorno-do-panico\\\/\"},\"author\":{\"name\":\"Colorful Minded\",\"@id\":\"https:\\\/\\\/colorfulminded.com\\\/pt-pt\\\/#\\\/schema\\\/person\\\/d04685faeebd4094e298c90736bd3b92\"},\"headline\":\"Como lidar com o Transtorno do P\u00e2nico?\",\"datePublished\":\"2023-04-01T11:09:45+00:00\",\"dateModified\":\"2023-05-27T03:35:19+00:00\",\"mainEntityOfPage\":{\"@id\":\"https:\\\/\\\/colorfulminded.com\\\/pt-pt\\\/saude-mental-explicada\\\/como-lidar-com-o-transtorno-do-panico\\\/\"},\"wordCount\":574,\"publisher\":{\"@id\":\"https:\\\/\\\/colorfulminded.com\\\/pt-pt\\\/#organization\"},\"image\":{\"@id\":\"https:\\\/\\\/colorfulminded.com\\\/pt-pt\\\/saude-mental-explicada\\\/como-lidar-com-o-transtorno-do-panico\\\/#primaryimage\"},\"thumbnailUrl\":\"https:\\\/\\\/colorfulminded.com\\\/wp-content\\\/uploads\\\/2023\\\/04\\\/pexels-tope-a-asokere-4811587_bewerkt-scaled.jpg\",\"keywords\":[\"P\u00e2nico\"],\"articleSection\":[\"Sa\u00fade mental explicada\"],\"inLanguage\":\"pt-PT\"},{\"@type\":\"WebPage\",\"@id\":\"https:\\\/\\\/colorfulminded.com\\\/pt-pt\\\/saude-mental-explicada\\\/como-lidar-com-o-transtorno-do-panico\\\/\",\"url\":\"https:\\\/\\\/colorfulminded.com\\\/pt-pt\\\/saude-mental-explicada\\\/como-lidar-com-o-transtorno-do-panico\\\/\",\"name\":\"Como lidar com o Transtorno do P\u00e2nico? - Colorful Minded\",\"isPartOf\":{\"@id\":\"https:\\\/\\\/colorfulminded.com\\\/pt-pt\\\/#website\"},\"primaryImageOfPage\":{\"@id\":\"https:\\\/\\\/colorfulminded.com\\\/pt-pt\\\/saude-mental-explicada\\\/como-lidar-com-o-transtorno-do-panico\\\/#primaryimage\"},\"image\":{\"@id\":\"https:\\\/\\\/colorfulminded.com\\\/pt-pt\\\/saude-mental-explicada\\\/como-lidar-com-o-transtorno-do-panico\\\/#primaryimage\"},\"thumbnailUrl\":\"https:\\\/\\\/colorfulminded.com\\\/wp-content\\\/uploads\\\/2023\\\/04\\\/pexels-tope-a-asokere-4811587_bewerkt-scaled.jpg\",\"datePublished\":\"2023-04-01T11:09:45+00:00\",\"dateModified\":\"2023-05-27T03:35:19+00:00\",\"breadcrumb\":{\"@id\":\"https:\\\/\\\/colorfulminded.com\\\/pt-pt\\\/saude-mental-explicada\\\/como-lidar-com-o-transtorno-do-panico\\\/#breadcrumb\"},\"inLanguage\":\"pt-PT\",\"potentialAction\":[{\"@type\":\"ReadAction\",\"target\":[\"https:\\\/\\\/colorfulminded.com\\\/pt-pt\\\/saude-mental-explicada\\\/como-lidar-com-o-transtorno-do-panico\\\/\"]}]},{\"@type\":\"ImageObject\",\"inLanguage\":\"pt-PT\",\"@id\":\"https:\\\/\\\/colorfulminded.com\\\/pt-pt\\\/saude-mental-explicada\\\/como-lidar-com-o-transtorno-do-panico\\\/#primaryimage\",\"url\":\"https:\\\/\\\/colorfulminded.com\\\/wp-content\\\/uploads\\\/2023\\\/04\\\/pexels-tope-a-asokere-4811587_bewerkt-scaled.jpg\",\"contentUrl\":\"https:\\\/\\\/colorfulminded.com\\\/wp-content\\\/uploads\\\/2023\\\/04\\\/pexels-tope-a-asokere-4811587_bewerkt-scaled.jpg\",\"width\":1920,\"height\":2560},{\"@type\":\"BreadcrumbList\",\"@id\":\"https:\\\/\\\/colorfulminded.com\\\/pt-pt\\\/saude-mental-explicada\\\/como-lidar-com-o-transtorno-do-panico\\\/#breadcrumb\",\"itemListElement\":[{\"@type\":\"ListItem\",\"position\":1,\"name\":\"Home\",\"item\":\"https:\\\/\\\/colorfulminded.com\\\/pt-pt\\\/\"},{\"@type\":\"ListItem\",\"position\":2,\"name\":\"Sa\u00fade mental explicada\",\"item\":\"https:\\\/\\\/colorfulminded.com\\\/pt-pt\\\/categoria\\\/saude-mental-explicada\\\/\"},{\"@type\":\"ListItem\",\"position\":3,\"name\":\"Como lidar com o Transtorno do P\u00e2nico?\"}]},{\"@type\":\"WebSite\",\"@id\":\"https:\\\/\\\/colorfulminded.com\\\/pt-pt\\\/#website\",\"url\":\"https:\\\/\\\/colorfulminded.com\\\/pt-pt\\\/\",\"name\":\"Colorful Minded\",\"description\":\"Everyday Mental Health\",\"publisher\":{\"@id\":\"https:\\\/\\\/colorfulminded.com\\\/pt-pt\\\/#organization\"},\"potentialAction\":[{\"@type\":\"SearchAction\",\"target\":{\"@type\":\"EntryPoint\",\"urlTemplate\":\"https:\\\/\\\/colorfulminded.com\\\/pt-pt\\\/?s={search_term_string}\"},\"query-input\":{\"@type\":\"PropertyValueSpecification\",\"valueRequired\":true,\"valueName\":\"search_term_string\"}}],\"inLanguage\":\"pt-PT\"},{\"@type\":\"Organization\",\"@id\":\"https:\\\/\\\/colorfulminded.com\\\/pt-pt\\\/#organization\",\"name\":\"Colorful Minded\",\"url\":\"https:\\\/\\\/colorfulminded.com\\\/pt-pt\\\/\",\"logo\":{\"@type\":\"ImageObject\",\"inLanguage\":\"pt-PT\",\"@id\":\"https:\\\/\\\/colorfulminded.com\\\/pt-pt\\\/#\\\/schema\\\/logo\\\/image\\\/\",\"url\":\"https:\\\/\\\/colorfulminded.com\\\/wp-content\\\/uploads\\\/2023\\\/01\\\/ColorfulMinded_LOGO_v2.1_combi-landscape-col_1000px.png\",\"contentUrl\":\"https:\\\/\\\/colorfulminded.com\\\/wp-content\\\/uploads\\\/2023\\\/01\\\/ColorfulMinded_LOGO_v2.1_combi-landscape-col_1000px.png\",\"width\":1000,\"height\":301,\"caption\":\"Colorful Minded\"},\"image\":{\"@id\":\"https:\\\/\\\/colorfulminded.com\\\/pt-pt\\\/#\\\/schema\\\/logo\\\/image\\\/\"}},{\"@type\":\"Person\",\"@id\":\"https:\\\/\\\/colorfulminded.com\\\/pt-pt\\\/#\\\/schema\\\/person\\\/d04685faeebd4094e298c90736bd3b92\",\"name\":\"Colorful Minded\",\"image\":{\"@type\":\"ImageObject\",\"inLanguage\":\"pt-PT\",\"@id\":\"https:\\\/\\\/secure.gravatar.com\\\/avatar\\\/0fe0d94cfef372f600fc9c2b72d8975e03077f6d472e2fe2eb6a329a55cc7049?s=96&d=mm&r=g\",\"url\":\"https:\\\/\\\/secure.gravatar.com\\\/avatar\\\/0fe0d94cfef372f600fc9c2b72d8975e03077f6d472e2fe2eb6a329a55cc7049?s=96&d=mm&r=g\",\"contentUrl\":\"https:\\\/\\\/secure.gravatar.com\\\/avatar\\\/0fe0d94cfef372f600fc9c2b72d8975e03077f6d472e2fe2eb6a329a55cc7049?s=96&d=mm&r=g\",\"caption\":\"Colorful Minded\"},\"url\":\"https:\\\/\\\/colorfulminded.com\\\/pt-pt\\\/author\\\/jdareynolds\\\/\"}]}<\/script>\n<!-- \/ Yoast SEO plugin. -->","yoast_head_json":{"title":"Como lidar com o Transtorno do P\u00e2nico? - Colorful Minded","robots":{"index":"index","follow":"follow","max-snippet":"max-snippet:-1","max-image-preview":"max-image-preview:large","max-video-preview":"max-video-preview:-1"},"canonical":"https:\/\/colorfulminded.com\/pt-pt\/saude-mental-explicada\/como-lidar-com-o-transtorno-do-panico\/","og_locale":"pt_PT","og_type":"article","og_title":"Como lidar com o Transtorno do P\u00e2nico? - Colorful Minded","og_description":"A perturba\u00e7\u00e3o de p\u00e2nico \u00e9 um tipo de perturba\u00e7\u00e3o de ansiedade caracterizada por ataques de p\u00e2nico s\u00fabitos e recorrentes. Os ataques de p\u00e2nico s\u00e3o sentimentos intensos e avassaladores de medo e ang\u00fastia que podem durar v\u00e1rios minutos ou mesmo horas.","og_url":"https:\/\/colorfulminded.com\/pt-pt\/saude-mental-explicada\/como-lidar-com-o-transtorno-do-panico\/","og_site_name":"Colorful Minded","article_published_time":"2023-04-01T11:09:45+00:00","article_modified_time":"2023-05-27T03:35:19+00:00","og_image":[{"width":1920,"height":2560,"url":"https:\/\/colorfulminded.com\/wp-content\/uploads\/2023\/04\/pexels-tope-a-asokere-4811587_bewerkt-scaled.jpg","type":"image\/jpeg"}],"author":"Colorful Minded","twitter_card":"summary_large_image","twitter_misc":{"Escrito por":"Colorful Minded","Tempo estimado de leitura":"3 minutos"},"schema":{"@context":"https:\/\/schema.org","@graph":[{"@type":"Article","@id":"https:\/\/colorfulminded.com\/pt-pt\/saude-mental-explicada\/como-lidar-com-o-transtorno-do-panico\/#article","isPartOf":{"@id":"https:\/\/colorfulminded.com\/pt-pt\/saude-mental-explicada\/como-lidar-com-o-transtorno-do-panico\/"},"author":{"name":"Colorful Minded","@id":"https:\/\/colorfulminded.com\/pt-pt\/#\/schema\/person\/d04685faeebd4094e298c90736bd3b92"},"headline":"Como lidar com o Transtorno do P\u00e2nico?","datePublished":"2023-04-01T11:09:45+00:00","dateModified":"2023-05-27T03:35:19+00:00","mainEntityOfPage":{"@id":"https:\/\/colorfulminded.com\/pt-pt\/saude-mental-explicada\/como-lidar-com-o-transtorno-do-panico\/"},"wordCount":574,"publisher":{"@id":"https:\/\/colorfulminded.com\/pt-pt\/#organization"},"image":{"@id":"https:\/\/colorfulminded.com\/pt-pt\/saude-mental-explicada\/como-lidar-com-o-transtorno-do-panico\/#primaryimage"},"thumbnailUrl":"https:\/\/colorfulminded.com\/wp-content\/uploads\/2023\/04\/pexels-tope-a-asokere-4811587_bewerkt-scaled.jpg","keywords":["P\u00e2nico"],"articleSection":["Sa\u00fade mental explicada"],"inLanguage":"pt-PT"},{"@type":"WebPage","@id":"https:\/\/colorfulminded.com\/pt-pt\/saude-mental-explicada\/como-lidar-com-o-transtorno-do-panico\/","url":"https:\/\/colorfulminded.com\/pt-pt\/saude-mental-explicada\/como-lidar-com-o-transtorno-do-panico\/","name":"Como lidar com o Transtorno do P\u00e2nico? - Colorful Minded","isPartOf":{"@id":"https:\/\/colorfulminded.com\/pt-pt\/#website"},"primaryImageOfPage":{"@id":"https:\/\/colorfulminded.com\/pt-pt\/saude-mental-explicada\/como-lidar-com-o-transtorno-do-panico\/#primaryimage"},"image":{"@id":"https:\/\/colorfulminded.com\/pt-pt\/saude-mental-explicada\/como-lidar-com-o-transtorno-do-panico\/#primaryimage"},"thumbnailUrl":"https:\/\/colorfulminded.com\/wp-content\/uploads\/2023\/04\/pexels-tope-a-asokere-4811587_bewerkt-scaled.jpg","datePublished":"2023-04-01T11:09:45+00:00","dateModified":"2023-05-27T03:35:19+00:00","breadcrumb":{"@id":"https:\/\/colorfulminded.com\/pt-pt\/saude-mental-explicada\/como-lidar-com-o-transtorno-do-panico\/#breadcrumb"},"inLanguage":"pt-PT","potentialAction":[{"@type":"ReadAction","target":["https:\/\/colorfulminded.com\/pt-pt\/saude-mental-explicada\/como-lidar-com-o-transtorno-do-panico\/"]}]},{"@type":"ImageObject","inLanguage":"pt-PT","@id":"https:\/\/colorfulminded.com\/pt-pt\/saude-mental-explicada\/como-lidar-com-o-transtorno-do-panico\/#primaryimage","url":"https:\/\/colorfulminded.com\/wp-content\/uploads\/2023\/04\/pexels-tope-a-asokere-4811587_bewerkt-scaled.jpg","contentUrl":"https:\/\/colorfulminded.com\/wp-content\/uploads\/2023\/04\/pexels-tope-a-asokere-4811587_bewerkt-scaled.jpg","width":1920,"height":2560},{"@type":"BreadcrumbList","@id":"https:\/\/colorfulminded.com\/pt-pt\/saude-mental-explicada\/como-lidar-com-o-transtorno-do-panico\/#breadcrumb","itemListElement":[{"@type":"ListItem","position":1,"name":"Home","item":"https:\/\/colorfulminded.com\/pt-pt\/"},{"@type":"ListItem","position":2,"name":"Sa\u00fade mental explicada","item":"https:\/\/colorfulminded.com\/pt-pt\/categoria\/saude-mental-explicada\/"},{"@type":"ListItem","position":3,"name":"Como lidar com o Transtorno do P\u00e2nico?"}]},{"@type":"WebSite","@id":"https:\/\/colorfulminded.com\/pt-pt\/#website","url":"https:\/\/colorfulminded.com\/pt-pt\/","name":"Colorful Minded","description":"Everyday Mental Health","publisher":{"@id":"https:\/\/colorfulminded.com\/pt-pt\/#organization"},"potentialAction":[{"@type":"SearchAction","target":{"@type":"EntryPoint","urlTemplate":"https:\/\/colorfulminded.com\/pt-pt\/?s={search_term_string}"},"query-input":{"@type":"PropertyValueSpecification","valueRequired":true,"valueName":"search_term_string"}}],"inLanguage":"pt-PT"},{"@type":"Organization","@id":"https:\/\/colorfulminded.com\/pt-pt\/#organization","name":"Colorful Minded","url":"https:\/\/colorfulminded.com\/pt-pt\/","logo":{"@type":"ImageObject","inLanguage":"pt-PT","@id":"https:\/\/colorfulminded.com\/pt-pt\/#\/schema\/logo\/image\/","url":"https:\/\/colorfulminded.com\/wp-content\/uploads\/2023\/01\/ColorfulMinded_LOGO_v2.1_combi-landscape-col_1000px.png","contentUrl":"https:\/\/colorfulminded.com\/wp-content\/uploads\/2023\/01\/ColorfulMinded_LOGO_v2.1_combi-landscape-col_1000px.png","width":1000,"height":301,"caption":"Colorful Minded"},"image":{"@id":"https:\/\/colorfulminded.com\/pt-pt\/#\/schema\/logo\/image\/"}},{"@type":"Person","@id":"https:\/\/colorfulminded.com\/pt-pt\/#\/schema\/person\/d04685faeebd4094e298c90736bd3b92","name":"Colorful Minded","image":{"@type":"ImageObject","inLanguage":"pt-PT","@id":"https:\/\/secure.gravatar.com\/avatar\/0fe0d94cfef372f600fc9c2b72d8975e03077f6d472e2fe2eb6a329a55cc7049?s=96&d=mm&r=g","url":"https:\/\/secure.gravatar.com\/avatar\/0fe0d94cfef372f600fc9c2b72d8975e03077f6d472e2fe2eb6a329a55cc7049?s=96&d=mm&r=g","contentUrl":"https:\/\/secure.gravatar.com\/avatar\/0fe0d94cfef372f600fc9c2b72d8975e03077f6d472e2fe2eb6a329a55cc7049?s=96&d=mm&r=g","caption":"Colorful Minded"},"url":"https:\/\/colorfulminded.com\/pt-pt\/author\/jdareynolds\/"}]}},"_links":{"self":[{"href":"https:\/\/colorfulminded.com\/pt-pt\/wp-json\/wp\/v2\/posts\/4781","targetHints":{"allow":["GET"]}}],"collection":[{"href":"https:\/\/colorfulminded.com\/pt-pt\/wp-json\/wp\/v2\/posts"}],"about":[{"href":"https:\/\/colorfulminded.com\/pt-pt\/wp-json\/wp\/v2\/types\/post"}],"author":[{"embeddable":true,"href":"https:\/\/colorfulminded.com\/pt-pt\/wp-json\/wp\/v2\/users\/4"}],"replies":[{"embeddable":true,"href":"https:\/\/colorfulminded.com\/pt-pt\/wp-json\/wp\/v2\/comments?post=4781"}],"version-history":[{"count":15,"href":"https:\/\/colorfulminded.com\/pt-pt\/wp-json\/wp\/v2\/posts\/4781\/revisions"}],"predecessor-version":[{"id":5457,"href":"https:\/\/colorfulminded.com\/pt-pt\/wp-json\/wp\/v2\/posts\/4781\/revisions\/5457"}],"wp:featuredmedia":[{"embeddable":true,"href":"https:\/\/colorfulminded.com\/pt-pt\/wp-json\/wp\/v2\/media\/4635"}],"wp:attachment":[{"href":"https:\/\/colorfulminded.com\/pt-pt\/wp-json\/wp\/v2\/media?parent=4781"}],"wp:term":[{"taxonomy":"category","embeddable":true,"href":"https:\/\/colorfulminded.com\/pt-pt\/wp-json\/wp\/v2\/categories?post=4781"},{"taxonomy":"post_tag","embeddable":true,"href":"https:\/\/colorfulminded.com\/pt-pt\/wp-json\/wp\/v2\/tags?post=4781"}],"curies":[{"name":"wp","href":"https:\/\/api.w.org\/{rel}","templated":true}]}}